{"id":18320,"date":"2025-01-27T14:45:03","date_gmt":"2025-01-27T17:45:03","guid":{"rendered":"https:\/\/blogs.correiobraziliense.com.br\/capital-sa\/?p=18320"},"modified":"2025-01-27T15:03:18","modified_gmt":"2025-01-27T18:03:18","slug":"gdf-quer-expandir-acoes-de-saude-mental-para-a-secretaria-de-educacao","status":"publish","type":"post","link":"https:\/\/blogs.correiobraziliense.com.br\/capital-sa\/2025\/01\/27\/gdf-quer-expandir-acoes-de-saude-mental-para-a-secretaria-de-educacao\/","title":{"rendered":"GDF quer expandir a\u00e7\u00f5es de sa\u00fade mental  para a Secretaria de Educa\u00e7\u00e3o"},"content":{"rendered":"<p><em>O Sesc\/DF tamb\u00e9m est\u00e1 oferecendo atendimento psicol\u00f3gico a PMs. Foram 3,5 mil consultas em 2024. Governo est\u00e1, agora, preocupado com professores\u00a0<\/em><\/p>\n<p><strong>Por Samanta Sallum\u00a0<\/strong><\/p>\n<p class=\"p1\">A governadora em exerc\u00edcio, Celina Le\u00e3o, adiantou que o governo pretende criar uma subsecretaria de sa\u00fade mental na pasta da Educa\u00e7\u00e3o. H\u00e1 duas semanas foi criada na Secret\u00e1ria de Sa\u00fade e j\u00e1 h\u00e1 tamb\u00e9m uma atua\u00e7\u00e3o para os servidores da Seguran\u00e7a P\u00fablica. Vale lembrar que \u00e9 alto o n\u00famero de atestados m\u00e9dicos de afastamento entre os profissionais da Educa\u00e7\u00e3o e da Seguran\u00e7a devido a quest\u00f5es psiqui\u00e1tricas causadas pela press\u00e3o das fun\u00e7\u00f5es.<\/p>\n<p class=\"p1\">O delegado Mikhail Rocha, que atirou na mulher, na funcion\u00e1ria e numa enfermeira, estava afastado da fun\u00e7\u00e3o por esse motivo h\u00e1 um m\u00eas, antes do crime.<\/p>\n<p class=\"p1\"><span class=\"s1\">No ano passado, foi firmado uma coopera\u00e7\u00e3o entre a Secretaria de Seguran\u00e7a P\u00fablica e o Sesc-DF\/Fecom\u00e9rcio, voltada ao bem-estar psicol\u00f3gico dos profissionais do setor. Al\u00e9m de atendimentos e consultas, psic\u00f3logas do Sesc-DF tamb\u00e9m conduziram rodas de conversa nos batalh\u00f5es sobre sa\u00fade mental. O Sesc \u00e9 o servi\u00e7o social ao com\u00e9rci\u00e1rio e \u00e9 mantido com recursos vindos do empresariado.<\/span><\/p>\n<p class=\"p1\">Chegou a mais de 3,5 mil o n\u00famero de sess\u00f5es de psicoterapia e consultas psiqui\u00e1tricas realizadas em 2024 pelo Sesc com policiais militares da ativa.<\/p>\n<p class=\"p1\"><span class=\"s1\">O diretor regional do Sesc-DF, Valcides de Ara\u00fajo Silva, destacou que o saldo da parceria foi muito positivo. &#8221;Os servi\u00e7os t\u00eam tido muita procura pelos militares, o que refor\u00e7a a necessidade e a relev\u00e2ncia desse suporte. Essa parceria \u00e9 fundamental para fortalecer a sa\u00fade mental dos nossos policiais e, consequentemente, melhorar a qualidade do atendimento prestado \u00e0 comunidade.&#8221;<\/span><\/p>\n","protected":false},"excerpt":{"rendered":"<p>O Sesc\/DF tamb\u00e9m est\u00e1 oferecendo atendimento psicol\u00f3gico a PMs. Foram 3,5 mil consultas em 2024. Governo est\u00e1, agora, preocupado com professores\u00a0 Por Samanta Sallum\u00a0 A governadora em exerc\u00edcio, Celina Le\u00e3o, adiantou que o governo pretende criar uma subsecretaria de sa\u00fade mental na pasta da Educa\u00e7\u00e3o. H\u00e1 duas semanas foi criada na Secret\u00e1ria de Sa\u00fade e j\u00e1 h\u00e1 tamb\u00e9m uma atua\u00e7\u00e3o [&hellip;]<\/p>\n","protected":false},"author":125,"featured_media":18324,"comment_status":"open","ping_status":"open","sticky":false,"template":"","format":"standard","meta":{"footnotes":""},"categories":[6],"tags":[1358,2110,1119,734,203,2736,756,2375,280,2303,1730,2414,2737],"class_list":["post-18320","post","type-post","status-publish","format-standard","has-post-thumbnail","hentry","category-coluna-capital-s-a","tag-celinaleao","tag-cuidado","tag-educacao","tag-fecomercio-df","tag-gdf","tag-governodistrital","tag-parceria","tag-pm-df","tag-saude","tag-saudemental","tag-segurancapublica","tag-sesc-df","tag-valcidesdearaujosilva"],"_links":{"self":[{"href":"https:\/\/blogs.correiobraziliense.com.br\/capital-sa\/wp-json\/wp\/v2\/posts\/18320","targetHints":{"allow":["GET"]}}],"collection":[{"href":"https:\/\/blogs.correiobraziliense.com.br\/capital-sa\/wp-json\/wp\/v2\/posts"}],"about":[{"href":"https:\/\/blogs.correiobraziliense.com.br\/capital-sa\/wp-json\/wp\/v2\/types\/post"}],"author":[{"embeddable":true,"href":"https:\/\/blogs.correiobraziliense.com.br\/capital-sa\/wp-json\/wp\/v2\/users\/125"}],"replies":[{"embeddable":true,"href":"https:\/\/blogs.correiobraziliense.com.br\/capital-sa\/wp-json\/wp\/v2\/comments?post=18320"}],"version-history":[{"count":6,"href":"https:\/\/blogs.correiobraziliense.com.br\/capital-sa\/wp-json\/wp\/v2\/posts\/18320\/revisions"}],"predecessor-version":[{"id":18327,"href":"https:\/\/blogs.correiobraziliense.com.br\/capital-sa\/wp-json\/wp\/v2\/posts\/18320\/revisions\/18327"}],"wp:featuredmedia":[{"embeddable":true,"href":"https:\/\/blogs.correiobraziliense.com.br\/capital-sa\/wp-json\/wp\/v2\/media\/18324"}],"wp:attachment":[{"href":"https:\/\/blogs.correiobraziliense.com.br\/capital-sa\/wp-json\/wp\/v2\/media?parent=18320"}],"wp:term":[{"taxonomy":"category","embeddable":true,"href":"https:\/\/blogs.correiobraziliense.com.br\/capital-sa\/wp-json\/wp\/v2\/categories?post=18320"},{"taxonomy":"post_tag","embeddable":true,"href":"https:\/\/blogs.correiobraziliense.com.br\/capital-sa\/wp-json\/wp\/v2\/tags?post=18320"}],"curies":[{"name":"wp","href":"https:\/\/api.w.org\/{rel}","templated":true}]}}