{"id":18298,"date":"2025-01-23T15:13:08","date_gmt":"2025-01-23T18:13:08","guid":{"rendered":"https:\/\/blogs.correiobraziliense.com.br\/capital-sa\/?p=18298"},"modified":"2025-01-23T16:32:15","modified_gmt":"2025-01-23T19:32:15","slug":"associacao-dos-supermercados-afirma-que-quer-colaborar-para-baixar-preco-dos-alimentos","status":"publish","type":"post","link":"https:\/\/blogs.correiobraziliense.com.br\/capital-sa\/2025\/01\/23\/associacao-dos-supermercados-afirma-que-quer-colaborar-para-baixar-preco-dos-alimentos\/","title":{"rendered":"Associa\u00e7\u00e3o dos Supermercados afirma que quer colaborar para baixar pre\u00e7o dos alimentos"},"content":{"rendered":"<p class=\"p1\"><strong>Por Samanta Sallum\u00a0<\/strong><\/p>\n<p class=\"p1\"><span class=\"s1\">A Associa\u00e7\u00e3o Brasileira de Supermercados (ABRAS) emitiu resposta \u00e0 declara\u00e7\u00e3o ontem do ministro da Casa Civil, Rui Costa, que destacou a prioridade do governo em baratear os alimentos. Segundo ele, ser\u00e3o tomadas a\u00e7\u00f5es sugeridas pelas redes de supermercados, al\u00e9m de buscar produtores e minist\u00e9rios para discutir o problema. O IPCA apontou que o pre\u00e7o dos alimentos ficou 8,23% mais caro no acumulado de 2024, acima dos 4,83% do \u00edndice geral. <\/span><\/p>\n<p class=\"p1\"><span class=\"s1\">A Abras reafirmou a \u201cdisposi\u00e7\u00e3o em colaborar com o governo federal.\u201d A entidade destacou a<span class=\"Apple-converted-space\">\u00a0<\/span>import\u00e2ncia de \u201ca\u00e7\u00f5es concretas para controlar a infla\u00e7\u00e3o\u201d\u00a0<\/span>e melhorar o acesso da popula\u00e7\u00e3o aos alimentos.<\/p>\n<p class=\"p1\"><strong><span class=\"s1\">Propostas <\/span><\/strong><\/p>\n<p class=\"p1\"><span class=\"s1\"> A associa\u00e7\u00e3o prop\u00f4s medidas como a reestrutura\u00e7\u00e3o do Programa de Alimenta\u00e7\u00e3o do Trabalhador (PAT), por meio do PAT e-social, com apoio da Caixa Econ\u00f4mica Federal, que pode gerar economia da ordem de R$ 10 bilh\u00f5es anuais; a venda de rem\u00e9dios sem receita nos supermercados, que pode reduzir os pre\u00e7os em 35%,<span class=\"Apple-converted-space\">\u00a0<\/span>a moderniza\u00e7\u00e3o do sistema de prazos de validade, o chamado Best Before, e a redu\u00e7\u00e3o do prazo de reembolso dos cart\u00f5es de cr\u00e9dito.<\/span><\/p>\n<p class=\"p1\"><span class=\"s1\">\u201cAs propostas que apresentamos t\u00eam o potencial de gerar um impacto significativo, n\u00e3o s\u00f3 no controle da infla\u00e7\u00e3o, mas tamb\u00e9m na cria\u00e7\u00e3o de empregos e no fortalecimento de uma economia mais justa e sustent\u00e1vel\u201d, destacou o presidente da Abras, Jo\u00e3o Galassi.<\/span><\/p>\n","protected":false},"excerpt":{"rendered":"<p>Por Samanta Sallum\u00a0 A Associa\u00e7\u00e3o Brasileira de Supermercados (ABRAS) emitiu resposta \u00e0 declara\u00e7\u00e3o ontem do ministro da Casa Civil, Rui Costa, que destacou a prioridade do governo em baratear os alimentos. Segundo ele, ser\u00e3o tomadas a\u00e7\u00f5es sugeridas pelas redes de supermercados, al\u00e9m de buscar produtores e minist\u00e9rios para discutir o problema. O IPCA apontou que o pre\u00e7o dos alimentos ficou [&hellip;]<\/p>\n","protected":false},"author":125,"featured_media":18301,"comment_status":"open","ping_status":"open","sticky":false,"template":"","format":"standard","meta":{"footnotes":""},"categories":[6],"tags":[1827,2724,2726,276,2207,2723,2725,2066,1353],"class_list":["post-18298","post","type-post","status-publish","format-standard","has-post-thumbnail","hentry","category-coluna-capital-s-a","tag-abras","tag-bestbefore","tag-casacivil","tag-economia","tag-governofederal","tag-joaogalassi","tag-reestruturacao","tag-ruicosta","tag-supermercados"],"_links":{"self":[{"href":"https:\/\/blogs.correiobraziliense.com.br\/capital-sa\/wp-json\/wp\/v2\/posts\/18298","targetHints":{"allow":["GET"]}}],"collection":[{"href":"https:\/\/blogs.correiobraziliense.com.br\/capital-sa\/wp-json\/wp\/v2\/posts"}],"about":[{"href":"https:\/\/blogs.correiobraziliense.com.br\/capital-sa\/wp-json\/wp\/v2\/types\/post"}],"author":[{"embeddable":true,"href":"https:\/\/blogs.correiobraziliense.com.br\/capital-sa\/wp-json\/wp\/v2\/users\/125"}],"replies":[{"embeddable":true,"href":"https:\/\/blogs.correiobraziliense.com.br\/capital-sa\/wp-json\/wp\/v2\/comments?post=18298"}],"version-history":[{"count":4,"href":"https:\/\/blogs.correiobraziliense.com.br\/capital-sa\/wp-json\/wp\/v2\/posts\/18298\/revisions"}],"predecessor-version":[{"id":18306,"href":"https:\/\/blogs.correiobraziliense.com.br\/capital-sa\/wp-json\/wp\/v2\/posts\/18298\/revisions\/18306"}],"wp:featuredmedia":[{"embeddable":true,"href":"https:\/\/blogs.correiobraziliense.com.br\/capital-sa\/wp-json\/wp\/v2\/media\/18301"}],"wp:attachment":[{"href":"https:\/\/blogs.correiobraziliense.com.br\/capital-sa\/wp-json\/wp\/v2\/media?parent=18298"}],"wp:term":[{"taxonomy":"category","embeddable":true,"href":"https:\/\/blogs.correiobraziliense.com.br\/capital-sa\/wp-json\/wp\/v2\/categories?post=18298"},{"taxonomy":"post_tag","embeddable":true,"href":"https:\/\/blogs.correiobraziliense.com.br\/capital-sa\/wp-json\/wp\/v2\/tags?post=18298"}],"curies":[{"name":"wp","href":"https:\/\/api.w.org\/{rel}","templated":true}]}}