{"id":1829,"date":"2021-02-13T15:32:27","date_gmt":"2021-02-13T18:32:27","guid":{"rendered":"https:\/\/blogs.correiobraziliense.com.br\/capital-sa\/?p=1829"},"modified":"2021-02-13T16:35:27","modified_gmt":"2021-02-13T19:35:27","slug":"para-foliao-ficar-em-casa-ambev-vai-dar-frete-gratis","status":"publish","type":"post","link":"https:\/\/blogs.correiobraziliense.com.br\/capital-sa\/2021\/02\/13\/para-foliao-ficar-em-casa-ambev-vai-dar-frete-gratis\/","title":{"rendered":"Para foli\u00e3o ficar em casa, Ambev vai dar frete gr\u00e1tis"},"content":{"rendered":"<p class=\"p1\">Para evitar aglomera\u00e7\u00f5es, a Ambev quer facilitar a entrega de bebidas em casa. O \u00a0foli\u00e3o poder\u00e1 pedir no aplicativo Z\u00e9 Delivery e n\u00e3o pagar nada durante todo o carnaval.<\/p>\n<p class=\"p1\"><span class=\"s1\">A promo\u00e7\u00e3o \u00e9 v\u00e1lida para todos os produtos da Ambev e funcionar\u00e1 entre os dias 12 e 16 de fevereiro, com um novo cupom a cada dia.<\/span><\/p>\n<p class=\"p1\"><span class=\"s1\">Para completar um carnaval t\u00e3o diferente, a empresa \u00a0organizou um circuito de lives e entretenimento para festejar sem sair de casa.<\/span><\/p>\n<p class=\"p1\"><span class=\"s1\">Diversas marcas da companhia criaram programa\u00e7\u00e3o para garantir a anima\u00e7\u00e3o dos dias de folia. Entre elas, Beats organizou um reality show com a cantora Anitta, al\u00e9m de um show online e uma promo\u00e7\u00e3o concorrendo a uma viagem; a SKOL realiza promo\u00e7\u00f5es e Brahma leva ao p\u00fablico shows de artistas tradicionalmente aclamados nesta \u00e9poca.<\/span><\/p>\n<p class=\"p1\"><span class=\"s1\">E, mesmo sem folia, n\u00e3o vai faltar esperan\u00e7a. A cervejaria decidiu dar outro destino para as caixas t\u00e9rmicas usadas por vendedores ambulantes durante os bloquinhos. Dessa vez, elas ser\u00e3o destinadas aos postos de sa\u00fade do Brasil inteiro para armazenar e transportar vacinas contra Covid-19.<\/span><\/p>\n<p>Servi\u00e7o:<\/p>\n<p class=\"p1\"><span class=\"s1\">*Frete gr\u00e1tis v\u00e1lido de 12 a 16\/02\/21 para produtos Ambev. Limitado a 1 uso por CPF por dia (m\u00e1ximo de 5 usos), nas cidades em que o aplicativo atua e limitado a 75 mil usos no total. Nome do cupom sob consulta na p\u00e1gina inicial do app Z\u00e9 Delivery<\/span><\/p>\n","protected":false},"excerpt":{"rendered":"<p>Para evitar aglomera\u00e7\u00f5es, a Ambev quer facilitar a entrega de bebidas em casa. O \u00a0foli\u00e3o poder\u00e1 pedir no aplicativo Z\u00e9 Delivery e n\u00e3o pagar nada durante todo o carnaval. A promo\u00e7\u00e3o \u00e9 v\u00e1lida para todos os produtos da Ambev e funcionar\u00e1 entre os dias 12 e 16 de fevereiro, com um novo cupom a cada dia. Para completar um carnaval [&hellip;]<\/p>\n","protected":false},"author":125,"featured_media":1834,"comment_status":"open","ping_status":"open","sticky":false,"template":"","format":"standard","meta":{"footnotes":""},"categories":[6],"tags":[],"class_list":["post-1829","post","type-post","status-publish","format-standard","has-post-thumbnail","hentry","category-coluna-capital-s-a"],"_links":{"self":[{"href":"https:\/\/blogs.correiobraziliense.com.br\/capital-sa\/wp-json\/wp\/v2\/posts\/1829","targetHints":{"allow":["GET"]}}],"collection":[{"href":"https:\/\/blogs.correiobraziliense.com.br\/capital-sa\/wp-json\/wp\/v2\/posts"}],"about":[{"href":"https:\/\/blogs.correiobraziliense.com.br\/capital-sa\/wp-json\/wp\/v2\/types\/post"}],"author":[{"embeddable":true,"href":"https:\/\/blogs.correiobraziliense.com.br\/capital-sa\/wp-json\/wp\/v2\/users\/125"}],"replies":[{"embeddable":true,"href":"https:\/\/blogs.correiobraziliense.com.br\/capital-sa\/wp-json\/wp\/v2\/comments?post=1829"}],"version-history":[{"count":5,"href":"https:\/\/blogs.correiobraziliense.com.br\/capital-sa\/wp-json\/wp\/v2\/posts\/1829\/revisions"}],"predecessor-version":[{"id":1837,"href":"https:\/\/blogs.correiobraziliense.com.br\/capital-sa\/wp-json\/wp\/v2\/posts\/1829\/revisions\/1837"}],"wp:featuredmedia":[{"embeddable":true,"href":"https:\/\/blogs.correiobraziliense.com.br\/capital-sa\/wp-json\/wp\/v2\/media\/1834"}],"wp:attachment":[{"href":"https:\/\/blogs.correiobraziliense.com.br\/capital-sa\/wp-json\/wp\/v2\/media?parent=1829"}],"wp:term":[{"taxonomy":"category","embeddable":true,"href":"https:\/\/blogs.correiobraziliense.com.br\/capital-sa\/wp-json\/wp\/v2\/categories?post=1829"},{"taxonomy":"post_tag","embeddable":true,"href":"https:\/\/blogs.correiobraziliense.com.br\/capital-sa\/wp-json\/wp\/v2\/tags?post=1829"}],"curies":[{"name":"wp","href":"https:\/\/api.w.org\/{rel}","templated":true}]}}