{"id":18275,"date":"2025-01-22T14:23:50","date_gmt":"2025-01-22T17:23:50","guid":{"rendered":"https:\/\/blogs.correiobraziliense.com.br\/capital-sa\/?p=18275"},"modified":"2025-01-22T16:03:03","modified_gmt":"2025-01-22T19:03:03","slug":"brasil-precisa-requalificar-636-mil-trabalhadores-para-areas-tecnologicas-e-de-inovacao","status":"publish","type":"post","link":"https:\/\/blogs.correiobraziliense.com.br\/capital-sa\/2025\/01\/22\/brasil-precisa-requalificar-636-mil-trabalhadores-para-areas-tecnologicas-e-de-inovacao\/","title":{"rendered":"Brasil precisa requalificar 636 mil trabalhadores para a \u00e1rea de tecnologia e de inova\u00e7\u00e3o"},"content":{"rendered":"<p class=\"p1\"><strong>Por Samanta Sallum<\/strong><\/p>\n<p class=\"p1\">Em converg\u00eancia com as demandas globais, o Senai (Servi\u00e7o Nacional de Aprendizagem Industrial) desenvolveu cursos que abordam intelig\u00eancia artificial, transforma\u00e7\u00e3o digital, meio ambiente e economia verde. Essas \u00e1reas s\u00e3o consideradas emergentes e estrat\u00e9gicas. O Brasil tem uma demanda enorme por qualifica\u00e7\u00e3o e requalifica\u00e7\u00e3o de profissionais at\u00e9 2027. \u201cNa \u00e1rea de tecnologia da informa\u00e7\u00e3o, por exemplo, precisamos atualizar mais de 636 mil trabalhadores\u201d, aponta o Superintendente de Educa\u00e7\u00e3o Profissional e Superior do Senai, Felipe Morgado.<\/p>\n<p class=\"p1\">Para acelerar esse processo, o Senai est\u00e1 oferecendo cursos que incorporam as mais recentes inova\u00e7\u00f5es. \u201cEles refletem o compromisso da institui\u00e7\u00e3o com a forma\u00e7\u00e3o de profissionais prontos para o futuro\u201d, refor\u00e7a Morgado.<\/p>\n<p><img loading=\"lazy\" decoding=\"async\" class=\"aligncenter size-medium wp-image-18279\" src=\"https:\/\/blogs.correiobraziliense.com.br\/capital-sa\/wp-content\/uploads\/sites\/59\/2025\/01\/IMG_2125-300x195.jpeg\" alt=\"\" width=\"300\" height=\"195\" srcset=\"https:\/\/blogs.correiobraziliense.com.br\/capital-sa\/wp-content\/uploads\/sites\/59\/2025\/01\/IMG_2125-300x195.jpeg 300w, https:\/\/blogs.correiobraziliense.com.br\/capital-sa\/wp-content\/uploads\/sites\/59\/2025\/01\/IMG_2125-768x499.jpeg 768w, https:\/\/blogs.correiobraziliense.com.br\/capital-sa\/wp-content\/uploads\/sites\/59\/2025\/01\/IMG_2125-1024x666.jpeg 1024w, https:\/\/blogs.correiobraziliense.com.br\/capital-sa\/wp-content\/uploads\/sites\/59\/2025\/01\/IMG_2125-800x520.jpeg 800w, https:\/\/blogs.correiobraziliense.com.br\/capital-sa\/wp-content\/uploads\/sites\/59\/2025\/01\/IMG_2125-550x358.jpeg 550w, https:\/\/blogs.correiobraziliense.com.br\/capital-sa\/wp-content\/uploads\/sites\/59\/2025\/01\/IMG_2125-230x150.jpeg 230w, https:\/\/blogs.correiobraziliense.com.br\/capital-sa\/wp-content\/uploads\/sites\/59\/2025\/01\/IMG_2125.jpeg 1166w\" sizes=\"auto, (max-width: 300px) 100vw, 300px\" \/><\/p>\n<p class=\"p1\"><span class=\"s1\">O Senai j\u00e1 qualificou 73 milh\u00f5es de pessoas. E\u00a0<\/span>85% dos ex-alunos conseguem se inserir no mercado de trabalho em at\u00e9 um ano ap\u00f3s a conclus\u00e3o do curso.<\/p>\n<p class=\"p1\"><strong><span class=\"s1\">Evento de anivers\u00e1rio <\/span><\/strong><\/p>\n<p class=\"p1\"><span class=\"s1\">Hoje, o Senai comemora 83 anos de hist\u00f3ria. E far\u00e1 a <\/span><span class=\"s3\">live shopping<\/span><span class=\"s1\"> especial: <a href=\"https:\/\/conteudo.futuro.digital\/futuroday?utm_source=site&amp;utm_medium=banner&amp;utm_campaign=futuro-day-2025\"><span class=\"s2\">Futuro Day<\/span><\/a>. A partir das 19h, especialistas v\u00e3o apresentar cursos t\u00e9cnicos nas \u00e1reas mais demandadas pela ind\u00fastria, como log\u00edstica, transporte, constru\u00e7\u00e3o e opera\u00e7\u00e3o industrial.\u00a0<\/span><\/p>\n<p class=\"p1\"><strong><span class=\"s1\">Cursos por R$ 9,90<\/span><\/strong><\/p>\n<p class=\"p1\"><span class=\"s1\">Al\u00e9m disso, durante a live, a primeira mensalidade de todos os cursos t\u00e9cnicos do Senai sair\u00e1 por R$ 9,90. Acesse a <a href=\"https:\/\/conteudo.futuro.digital\/futuroday?utm_source=site&amp;utm_medium=banner&amp;utm_campaign=futuro-day-2025\"><span class=\"s2\">p\u00e1gina do Futuro Day<\/span><\/a>\u00a0para fazer a inscri\u00e7\u00e3o. \u00a0<\/span><\/p>\n","protected":false},"excerpt":{"rendered":"<p>Por Samanta Sallum Em converg\u00eancia com as demandas globais, o Senai (Servi\u00e7o Nacional de Aprendizagem Industrial) desenvolveu cursos que abordam intelig\u00eancia artificial, transforma\u00e7\u00e3o digital, meio ambiente e economia verde. Essas \u00e1reas s\u00e3o consideradas emergentes e estrat\u00e9gicas. O Brasil tem uma demanda enorme por qualifica\u00e7\u00e3o e requalifica\u00e7\u00e3o de profissionais at\u00e9 2027. \u201cNa \u00e1rea de tecnologia da informa\u00e7\u00e3o, por exemplo, precisamos atualizar [&hellip;]<\/p>\n","protected":false},"author":125,"featured_media":18278,"comment_status":"open","ping_status":"open","sticky":false,"template":"","format":"standard","meta":{"footnotes":""},"categories":[6],"tags":[2721,2719,351,1104,1199,2563,1101,2564,2720,33],"class_list":["post-18275","post","type-post","status-publish","format-standard","has-post-thumbnail","hentry","category-coluna-capital-s-a","tag-economiaverde","tag-felipemorgado","tag-inovacao","tag-inteligenciaartificial","tag-meioambiente","tag-qualificacao","tag-qualificacaoprofissional","tag-requalificacao","tag-transformacaodigital","tag-tecnologia"],"_links":{"self":[{"href":"https:\/\/blogs.correiobraziliense.com.br\/capital-sa\/wp-json\/wp\/v2\/posts\/18275","targetHints":{"allow":["GET"]}}],"collection":[{"href":"https:\/\/blogs.correiobraziliense.com.br\/capital-sa\/wp-json\/wp\/v2\/posts"}],"about":[{"href":"https:\/\/blogs.correiobraziliense.com.br\/capital-sa\/wp-json\/wp\/v2\/types\/post"}],"author":[{"embeddable":true,"href":"https:\/\/blogs.correiobraziliense.com.br\/capital-sa\/wp-json\/wp\/v2\/users\/125"}],"replies":[{"embeddable":true,"href":"https:\/\/blogs.correiobraziliense.com.br\/capital-sa\/wp-json\/wp\/v2\/comments?post=18275"}],"version-history":[{"count":9,"href":"https:\/\/blogs.correiobraziliense.com.br\/capital-sa\/wp-json\/wp\/v2\/posts\/18275\/revisions"}],"predecessor-version":[{"id":18286,"href":"https:\/\/blogs.correiobraziliense.com.br\/capital-sa\/wp-json\/wp\/v2\/posts\/18275\/revisions\/18286"}],"wp:featuredmedia":[{"embeddable":true,"href":"https:\/\/blogs.correiobraziliense.com.br\/capital-sa\/wp-json\/wp\/v2\/media\/18278"}],"wp:attachment":[{"href":"https:\/\/blogs.correiobraziliense.com.br\/capital-sa\/wp-json\/wp\/v2\/media?parent=18275"}],"wp:term":[{"taxonomy":"category","embeddable":true,"href":"https:\/\/blogs.correiobraziliense.com.br\/capital-sa\/wp-json\/wp\/v2\/categories?post=18275"},{"taxonomy":"post_tag","embeddable":true,"href":"https:\/\/blogs.correiobraziliense.com.br\/capital-sa\/wp-json\/wp\/v2\/tags?post=18275"}],"curies":[{"name":"wp","href":"https:\/\/api.w.org\/{rel}","templated":true}]}}