{"id":18256,"date":"2025-01-20T10:49:19","date_gmt":"2025-01-20T13:49:19","guid":{"rendered":"https:\/\/blogs.correiobraziliense.com.br\/capital-sa\/?p=18256"},"modified":"2025-01-20T11:49:08","modified_gmt":"2025-01-20T14:49:08","slug":"estrategia-de-ibaneis-para-evitar-desgastes-com-pdot","status":"publish","type":"post","link":"https:\/\/blogs.correiobraziliense.com.br\/capital-sa\/2025\/01\/20\/estrategia-de-ibaneis-para-evitar-desgastes-com-pdot\/","title":{"rendered":"Estrat\u00e9gia de Ibaneis para evitar desgastes com PDOT"},"content":{"rendered":"<p><em>Plano Diretor de Ordenamento Territorial do DF prev\u00ea a regulariza\u00e7\u00e3o de \u00e1reas e a defini\u00e7\u00e3o de novos setores habitacionais. Governador n\u00e3o quer passar pelas turbul\u00eancias pol\u00edticas e ter de vetar emendas como no PPCUB\u00a0<\/em><\/p>\n<p class=\"p1\"><strong>Por Samanta Sallum\u00a0<\/strong><\/p>\n<p class=\"p1\"><span class=\"s1\">O governador do DF, Ibaneis Rocha, ao lado do presidente da C\u00e2mara Legislativa, Wellington Luiz, afirmou que a aprova\u00e7\u00e3o do Plano Diretor de Ordenamento Territorial (PDOT) \u00e9 sua prioridade em 2025. E j\u00e1 est\u00e1 empenhado em evitar os desgastes pol\u00edticos e de comunica\u00e7\u00e3o que ocorreram na aprova\u00e7\u00e3o do PPCUB, no ano passado. Quer antecipar a participa\u00e7\u00e3o dos deputados distritais no processo para que, quando o projeto chegar \u00e0 C\u00e2mara Legislativa, j\u00e1 estejam bem inteirados do tema. E principalmente a popula\u00e7\u00e3o.<br \/>\n<\/span><\/p>\n<p class=\"p1\"><span class=\"s1\">Ibaneis afirmou que vai garantir a participa\u00e7\u00e3o da comunidade. \u201cQueremos dar seguran\u00e7a aos investidores da cidade, do ponto de vista imobili\u00e1rio, e a toda a popula\u00e7\u00e3o de que teremos o melhor PDOT para o DF\u201d, frisou.<\/span><\/p>\n<p class=\"p1\"><strong><span class=\"s1\">Atraso de 5 anos<\/span><\/strong><\/p>\n<p class=\"p1\"><span class=\"s1\">O PDOT em vigor \u00e9 de 2009. Ele deve ser revisado e atualizado a cada 10 anos. Mas, devido \u00e0 pandemia, houve grande atraso no processo.<br \/>\n<\/span><\/p>\n<p class=\"p1\"><span class=\"s1\">Desde 2023, est\u00e3o sendo realizadas audi\u00eancias p\u00fablicas nas regi\u00f5es administrativas para a elabora\u00e7\u00e3o da nova proposta a ser enviada como projeto de lei pelo GDF \u00e0 CLDF.<\/span><\/p>\n<p>O calend\u00e1rio previsto \u00e9 que em junho seja levado ao Conplan para, em seguida, em julho, ir \u00e0 C\u00e2mara e ser aprovado pelos distritais at\u00e9 dezembro.<\/p>\n<p class=\"p1\"><span class=\"s1\">O PDOT estabelece diretrizes de desenvolvimento para os pr\u00f3ximos 10 anos. Prev\u00ea regulariza\u00e7\u00e3o de \u00e1reas, novos setores para habita\u00e7\u00e3o.<br \/>\n<\/span><\/p>\n<blockquote>\n<p class=\"p1\"><span class=\"s1\">\u201cEsse \u00e9 o projeto mais importante do mandato do governador Ibaneis do ponto de vista urban\u00edstico. Estamos ouvindo a popula\u00e7\u00e3o e queremos que os deputados conhe\u00e7am profundamente o projeto\u201d, explicou \u00e0 coluna o secret\u00e1rio de Desenvolvimento Urbano e de Habita\u00e7\u00e3o do DF, Marcelo Vaz.<\/span><\/p>\n<\/blockquote>\n<p class=\"p1\"><span class=\"s1\">Uma das preocupa\u00e7\u00f5es refere-se \u00e0s emendas dos parlamentares ao projeto. \u201cQueremos evitar a aprova\u00e7\u00e3o de emendas inconstitucionais, como aconteceu no PPCUB\u201d, completou Marcelo Vaz.<\/span><\/p>\n","protected":false},"excerpt":{"rendered":"<p>Plano Diretor de Ordenamento Territorial do DF prev\u00ea a regulariza\u00e7\u00e3o de \u00e1reas e a defini\u00e7\u00e3o de novos setores habitacionais. Governador n\u00e3o quer passar pelas turbul\u00eancias pol\u00edticas e ter de vetar emendas como no PPCUB\u00a0 Por Samanta Sallum\u00a0 O governador do DF, Ibaneis Rocha, ao lado do presidente da C\u00e2mara Legislativa, Wellington Luiz, afirmou que a aprova\u00e7\u00e3o do Plano Diretor de [&hellip;]<\/p>\n","protected":false},"author":125,"featured_media":18258,"comment_status":"open","ping_status":"open","sticky":false,"template":"","format":"standard","meta":{"footnotes":""},"categories":[6],"tags":[1686,962,203,1544,642,2714,639,568,2033,2490,1799],"class_list":["post-18256","post","type-post","status-publish","format-standard","has-post-thumbnail","hentry","category-coluna-capital-s-a","tag-cldf","tag-desenvolvimento","tag-gdf","tag-habitacao","tag-ibaneisrocha","tag-marcelovaz","tag-pdot","tag-ppcub","tag-urbanismo","tag-wellingtonluiz","tag-conplan"],"_links":{"self":[{"href":"https:\/\/blogs.correiobraziliense.com.br\/capital-sa\/wp-json\/wp\/v2\/posts\/18256","targetHints":{"allow":["GET"]}}],"collection":[{"href":"https:\/\/blogs.correiobraziliense.com.br\/capital-sa\/wp-json\/wp\/v2\/posts"}],"about":[{"href":"https:\/\/blogs.correiobraziliense.com.br\/capital-sa\/wp-json\/wp\/v2\/types\/post"}],"author":[{"embeddable":true,"href":"https:\/\/blogs.correiobraziliense.com.br\/capital-sa\/wp-json\/wp\/v2\/users\/125"}],"replies":[{"embeddable":true,"href":"https:\/\/blogs.correiobraziliense.com.br\/capital-sa\/wp-json\/wp\/v2\/comments?post=18256"}],"version-history":[{"count":6,"href":"https:\/\/blogs.correiobraziliense.com.br\/capital-sa\/wp-json\/wp\/v2\/posts\/18256\/revisions"}],"predecessor-version":[{"id":18264,"href":"https:\/\/blogs.correiobraziliense.com.br\/capital-sa\/wp-json\/wp\/v2\/posts\/18256\/revisions\/18264"}],"wp:featuredmedia":[{"embeddable":true,"href":"https:\/\/blogs.correiobraziliense.com.br\/capital-sa\/wp-json\/wp\/v2\/media\/18258"}],"wp:attachment":[{"href":"https:\/\/blogs.correiobraziliense.com.br\/capital-sa\/wp-json\/wp\/v2\/media?parent=18256"}],"wp:term":[{"taxonomy":"category","embeddable":true,"href":"https:\/\/blogs.correiobraziliense.com.br\/capital-sa\/wp-json\/wp\/v2\/categories?post=18256"},{"taxonomy":"post_tag","embeddable":true,"href":"https:\/\/blogs.correiobraziliense.com.br\/capital-sa\/wp-json\/wp\/v2\/tags?post=18256"}],"curies":[{"name":"wp","href":"https:\/\/api.w.org\/{rel}","templated":true}]}}