{"id":18231,"date":"2025-01-16T16:37:31","date_gmt":"2025-01-16T19:37:31","guid":{"rendered":"https:\/\/blogs.correiobraziliense.com.br\/capital-sa\/?p=18231"},"modified":"2025-01-17T14:34:47","modified_gmt":"2025-01-17T17:34:47","slug":"isso-e-golpito-puro-suco-de-golpe-reage-banco-central-sobre-pix","status":"publish","type":"post","link":"https:\/\/blogs.correiobraziliense.com.br\/capital-sa\/2025\/01\/16\/isso-e-golpito-puro-suco-de-golpe-reage-banco-central-sobre-pix\/","title":{"rendered":"\u201cIsso \u00e9 golpito, puro suco de golpe\u201d , reage Banco Central sobre Pix"},"content":{"rendered":"<p class=\"p2\">Deputado<em> do PL ultrapassou o n\u00famero de seguidores do presidente Lula no Instagram com alarme sobre taxa\u00e7\u00e3o<\/em><\/p>\n<p class=\"p2\"><strong><span class=\"s1\">Por Samanta Sallum <\/span><\/strong><\/p>\n<p class=\"p2\"><span class=\"s1\">No confronto das redes sociais, o Banco Central tamb\u00e9m partiu para cima na tentativa de combater as fake news sobre o Pix. Investiu no humor, na ironia e com trilha do hit do momento<span class=\"Apple-converted-space\">\u00a0 <\/span>\u201cDescer para BC\u201d . No post nas redes sociais, disparou:\u00a0\u00a0\u201cN\u00e3o acreditem em qualquer lorota que dizem por a\u00ed . Isso \u00e9 golpito, puro suco de golpe.\u201d\u00a0<\/span><\/p>\n<p class=\"p2\"><span class=\"s1\">Criticou os bolsonaristas <\/span><span class=\"s1\">com memes e relembrando os de 2022, em que eram ridicularizados, pedindo interven\u00e7\u00e3o de alien\u00edgenas. A linguagem destoou do tom tradicionalmente s\u00f3brio e t\u00e9cnico do Banco Central. A rea\u00e7\u00e3o, que gerou tamb\u00e9m pol\u00eamica pelo tom pol\u00edtico do BC, veio tarde. O\u00a0<\/span>governo federal sofreu um nocaute\u00a0nas redes sociais pelas fake news.<\/p>\n<p>Vale lembrar que Gabriel Gal\u00edpolo, ex-assessor de Fernando Haddad no Minist\u00e9rio da Fazenda, assumiu a presid\u00eancia do Banco Central em janeiro.<\/p>\n<p class=\"p2\"><span class=\"s1\">O ministro Haddad e o secret\u00e1rio da Receita Federal, Robinson Barreirinhas, afirmaram que, em momento algum, pensou-se em taxar as transa\u00e7\u00f5es do Pix. Mas j\u00e1 n\u00e3o havia tempo de conter o alastramento das fake news. O jeito foi cortar o mal pela raiz e derrubar<\/span>\u00a0a instru\u00e7\u00e3o normativa que aumentava a fiscaliza\u00e7\u00e3o sobre transfer\u00eancias acima de R$ 5 mil do Pix de pessoas f\u00edsicas.<\/p>\n<p>Na guerra da comunica\u00e7\u00e3o digital, o ministro perdeu. O v\u00eddeo do deputado Nikolas Ferreira (PL\/MG) , com mais de 150 milh\u00f5es de visualiza\u00e7\u00f5es, alarmou a popula\u00e7\u00e3o para as pretens\u00f5es do governo federal de taxar o Pix, a ferramenta digital de opera\u00e7\u00e3o financeira mais usada pelos brasileiros.<\/p>\n<p>O deputado do PL ultrapassou o n\u00famero de seguidores do presidente Lula no Instagram, alcan\u00e7ando 13,4 milh\u00f5es .<\/p>\n<p class=\"p2\"><strong><em><span class=\"s1\">Desviar o foco <\/span><\/em><\/strong><\/p>\n<p class=\"p2\"><span class=\"s1\">Analistas avaliam que a estrat\u00e9gia do governo com a medida do Pix era desviar o foco do problema dos gastos p\u00fablicos acenando para mais efici\u00eancia em arrecada\u00e7\u00e3o. Mas acabou sendo tiro no p\u00e9.<\/span><\/p>\n","protected":false},"excerpt":{"rendered":"<p>Deputado do PL ultrapassou o n\u00famero de seguidores do presidente Lula no Instagram com alarme sobre taxa\u00e7\u00e3o Por Samanta Sallum No confronto das redes sociais, o Banco Central tamb\u00e9m partiu para cima na tentativa de combater as fake news sobre o Pix. Investiu no humor, na ironia e com trilha do hit do momento\u00a0 \u201cDescer para BC\u201d . No post [&hellip;]<\/p>\n","protected":false},"author":125,"featured_media":18236,"comment_status":"open","ping_status":"open","sticky":false,"template":"","format":"standard","meta":{"footnotes":""},"categories":[6],"tags":[1831,2210,2694,1165,2209,2705,160,1295,2706],"class_list":["post-18231","post","type-post","status-publish","format-standard","has-post-thumbnail","hentry","category-coluna-capital-s-a","tag-bancocentral","tag-fernandohaddad","tag-gabrielgalipolo","tag-lula","tag-ministeriodafazenda","tag-nikolasferreira","tag-pix","tag-receitafederal","tag-robinsonbarreirinhas"],"_links":{"self":[{"href":"https:\/\/blogs.correiobraziliense.com.br\/capital-sa\/wp-json\/wp\/v2\/posts\/18231","targetHints":{"allow":["GET"]}}],"collection":[{"href":"https:\/\/blogs.correiobraziliense.com.br\/capital-sa\/wp-json\/wp\/v2\/posts"}],"about":[{"href":"https:\/\/blogs.correiobraziliense.com.br\/capital-sa\/wp-json\/wp\/v2\/types\/post"}],"author":[{"embeddable":true,"href":"https:\/\/blogs.correiobraziliense.com.br\/capital-sa\/wp-json\/wp\/v2\/users\/125"}],"replies":[{"embeddable":true,"href":"https:\/\/blogs.correiobraziliense.com.br\/capital-sa\/wp-json\/wp\/v2\/comments?post=18231"}],"version-history":[{"count":14,"href":"https:\/\/blogs.correiobraziliense.com.br\/capital-sa\/wp-json\/wp\/v2\/posts\/18231\/revisions"}],"predecessor-version":[{"id":18253,"href":"https:\/\/blogs.correiobraziliense.com.br\/capital-sa\/wp-json\/wp\/v2\/posts\/18231\/revisions\/18253"}],"wp:featuredmedia":[{"embeddable":true,"href":"https:\/\/blogs.correiobraziliense.com.br\/capital-sa\/wp-json\/wp\/v2\/media\/18236"}],"wp:attachment":[{"href":"https:\/\/blogs.correiobraziliense.com.br\/capital-sa\/wp-json\/wp\/v2\/media?parent=18231"}],"wp:term":[{"taxonomy":"category","embeddable":true,"href":"https:\/\/blogs.correiobraziliense.com.br\/capital-sa\/wp-json\/wp\/v2\/categories?post=18231"},{"taxonomy":"post_tag","embeddable":true,"href":"https:\/\/blogs.correiobraziliense.com.br\/capital-sa\/wp-json\/wp\/v2\/tags?post=18231"}],"curies":[{"name":"wp","href":"https:\/\/api.w.org\/{rel}","templated":true}]}}