{"id":18172,"date":"2025-01-14T14:50:58","date_gmt":"2025-01-14T17:50:58","guid":{"rendered":"https:\/\/blogs.correiobraziliense.com.br\/capital-sa\/?p=18172"},"modified":"2025-01-14T19:03:37","modified_gmt":"2025-01-14T22:03:37","slug":"lula-da-mais-atencao-ao-df-do-que-bolsonaro-afirma-leandro-grass","status":"publish","type":"post","link":"https:\/\/blogs.correiobraziliense.com.br\/capital-sa\/2025\/01\/14\/lula-da-mais-atencao-ao-df-do-que-bolsonaro-afirma-leandro-grass\/","title":{"rendered":"\u201cLula d\u00e1 mais aten\u00e7\u00e3o ao DF do que Bolsonaro\u201d, afirma Leandro Grass"},"content":{"rendered":"<p class=\"p2\"><strong>Por Samanta Sallum\u00a0<\/strong><\/p>\n<p>O presidente do Iphan (Instituto do Patrim\u00f4nio Hist\u00f3rico e Art\u00edstico Nacional), Leandro Grass (PV), rebateu as queixas do governador Ibaneis Rocha (MDB) do DF em rela\u00e7\u00e3o ao presidente Lula (PT), de que ele \u201cn\u00e3o gosta\u201d de Bras\u00edlia. O motivo foi a tentativa do governo federal de alterar a forma de c\u00e1lculo do Fundo Constitucional do DF, o que reduziria o reajuste das verbas da Uni\u00e3o para o or\u00e7amento da capital federal. Grass afirmou, em entrevista ao programa <strong>CB Poder<\/strong>, de hoje, que o petista faz mais pelo Distrito Federal do que o ex-presidente Jair Bolsonaro (PL) fez em seu mandato.<\/p>\n<blockquote>\n<p class=\"p4\"><span class=\"s2\">\u201cO presidente Lula est\u00e1 investindo em obras no DF, por meio do BNDES. Anunciou a expans\u00e3o do Metr\u00f4, e, com isso, mais viadutos e passarelas. S\u00e3o R$ 445 milh\u00f5es. E quanto o Bolsonaro investiu aqui? O governo Lula vai trazer mais dois Institutos Federais de Ensino Tecnol\u00f3gico para Bras\u00edlia. E o que o Bolsonaro fez? Motociata e espalhou v\u00edrus na cidade.\u201d, \u00a0frisou Grass.<\/span><\/p>\n<\/blockquote>\n<p class=\"p4\"><span class=\"s2\">O presidente do Iphan lembrou ainda das consequ\u00eancias negativas e do rastro de depreda\u00e7\u00e3o que apoiadores de Bolsonaro deixaram na Pra\u00e7a dos Tr\u00eas Poderes no dia 8 de janeiro de 2023. O Iphan fez um trabalho de restaura\u00e7\u00e3o de pe\u00e7as, m\u00f3veis, obras de arte que foram danificadas.<\/span><\/p>\n<blockquote><p>\u201cSer patriota n\u00e3o \u00e9 vestir uma camisa verde amarela e sair quebrando a cidade como fizeram. Foi um desrespeito com toda a sociedade e com os s\u00edmbolos da democracia.&#8221;.<\/p><\/blockquote>\n<p class=\"p4\"><span class=\"s2\">Ele garantiu que, como gestor de um \u00f3rg\u00e3o nacional, mant\u00e9m di\u00e1logo com todos os governadores e prefeitos, independentemente de partidos. \u201cInclusive com o governador Ibaneis Rocha. Ele que deveria ter mais di\u00e1logo e respeitar o presidente da Rep\u00fablica. Eu tenho uma fun\u00e7\u00e3o institucional, e o<span class=\"Apple-converted-space\">\u00a0<\/span>Iphan estar\u00e1 defendendo sempre o nosso patrim\u00f4nio hist\u00f3rico, como foi no caso do Teatro Nacional\u201d.<\/span><\/p>\n<p class=\"p4\"><span class=\"s2\">Leandro Grass \u00a0confirmou que pretende mais uma vez se candidatar ao Pal\u00e1cio do Buriti. E defendeu que o grupo progressista deve estar unido, ao ser questionado sobre a oficializa\u00e7\u00e3o da pr\u00e9-candidatura de Ricardo Cappelli (que tamb\u00e9m tem cargo no governo federal &#8211; presid\u00eancia da ABDI) pelo PSB.<\/span><\/p>\n<p>\u201cA pr\u00f3xima elei\u00e7\u00e3o n\u00e3o ser\u00e1 uma disputa entre esquerda e direita. Mas, sim, entre o extremismo e os que querem um pa\u00eds e um DF melhor, com democracia. Todos que n\u00e3o fazem parte desta ultradireita devem estar juntos.\u201d<\/p>\n","protected":false},"excerpt":{"rendered":"<p>Por Samanta Sallum\u00a0 O presidente do Iphan (Instituto do Patrim\u00f4nio Hist\u00f3rico e Art\u00edstico Nacional), Leandro Grass (PV), rebateu as queixas do governador Ibaneis Rocha (MDB) do DF em rela\u00e7\u00e3o ao presidente Lula (PT), de que ele \u201cn\u00e3o gosta\u201d de Bras\u00edlia. O motivo foi a tentativa do governo federal de alterar a forma de c\u00e1lculo do Fundo Constitucional do DF, o [&hellip;]<\/p>\n","protected":false},"author":125,"featured_media":18184,"comment_status":"open","ping_status":"open","sticky":false,"template":"","format":"standard","meta":{"footnotes":""},"categories":[6],"tags":[2230,1723,2580,1327,2207,642,654,566,1428,1165,2431,745,42],"class_list":["post-18172","post","type-post","status-publish","format-standard","has-post-thumbnail","hentry","category-coluna-capital-s-a","tag-abdi","tag-bndes","tag-eleicoes2026","tag-fundoconstitucional","tag-governofederal","tag-ibaneisrocha","tag-investimento","tag-iphan","tag-leandrograss","tag-lula","tag-ricardocappelli","tag-teatronacional","tag-bolsonaro"],"_links":{"self":[{"href":"https:\/\/blogs.correiobraziliense.com.br\/capital-sa\/wp-json\/wp\/v2\/posts\/18172","targetHints":{"allow":["GET"]}}],"collection":[{"href":"https:\/\/blogs.correiobraziliense.com.br\/capital-sa\/wp-json\/wp\/v2\/posts"}],"about":[{"href":"https:\/\/blogs.correiobraziliense.com.br\/capital-sa\/wp-json\/wp\/v2\/types\/post"}],"author":[{"embeddable":true,"href":"https:\/\/blogs.correiobraziliense.com.br\/capital-sa\/wp-json\/wp\/v2\/users\/125"}],"replies":[{"embeddable":true,"href":"https:\/\/blogs.correiobraziliense.com.br\/capital-sa\/wp-json\/wp\/v2\/comments?post=18172"}],"version-history":[{"count":15,"href":"https:\/\/blogs.correiobraziliense.com.br\/capital-sa\/wp-json\/wp\/v2\/posts\/18172\/revisions"}],"predecessor-version":[{"id":18193,"href":"https:\/\/blogs.correiobraziliense.com.br\/capital-sa\/wp-json\/wp\/v2\/posts\/18172\/revisions\/18193"}],"wp:featuredmedia":[{"embeddable":true,"href":"https:\/\/blogs.correiobraziliense.com.br\/capital-sa\/wp-json\/wp\/v2\/media\/18184"}],"wp:attachment":[{"href":"https:\/\/blogs.correiobraziliense.com.br\/capital-sa\/wp-json\/wp\/v2\/media?parent=18172"}],"wp:term":[{"taxonomy":"category","embeddable":true,"href":"https:\/\/blogs.correiobraziliense.com.br\/capital-sa\/wp-json\/wp\/v2\/categories?post=18172"},{"taxonomy":"post_tag","embeddable":true,"href":"https:\/\/blogs.correiobraziliense.com.br\/capital-sa\/wp-json\/wp\/v2\/tags?post=18172"}],"curies":[{"name":"wp","href":"https:\/\/api.w.org\/{rel}","templated":true}]}}