{"id":18145,"date":"2025-01-13T10:54:02","date_gmt":"2025-01-13T13:54:02","guid":{"rendered":"https:\/\/blogs.correiobraziliense.com.br\/capital-sa\/?p=18145"},"modified":"2025-01-13T11:19:19","modified_gmt":"2025-01-13T14:19:19","slug":"instalacao-do-5g-no-pais-esta-proxima-da-meta-da-anatel","status":"publish","type":"post","link":"https:\/\/blogs.correiobraziliense.com.br\/capital-sa\/2025\/01\/13\/instalacao-do-5g-no-pais-esta-proxima-da-meta-da-anatel\/","title":{"rendered":"Instala\u00e7\u00e3o do 5G est\u00e1 pr\u00f3xima da meta da Anatel"},"content":{"rendered":"<p class=\"p2\"><strong>Poe Samanta Sallum\u00a0<\/strong><\/p>\n<p class=\"p2\"><span class=\"s1\">As empresas de telecomunica\u00e7\u00f5es iniciam 2025 bem perto de concluir a\u00a0<\/span>implementa\u00e7\u00e3o do 5G no pa\u00eds. Dados da Conexis Brasil Digital, entidade que representa as maiores operadoras do pa\u00eds, mostram que o setor j\u00e1 cumpriu 93,35% das metas de instala\u00e7\u00e3o da tecnologia.<\/p>\n<p class=\"p2\"><span class=\"s1\">O prazo definido pela Ag\u00eancia Nacional de Telecomunica\u00e7\u00f5es (Anatel) se encerra em <\/span>julho. O 5G est\u00e1 presente em 749 munic\u00edpios brasileiros com 38,1 milh\u00e3o de acessos.<\/p>\n<p class=\"p2\"><strong><span class=\"s1\">Destaque para o DF <\/span><\/strong><\/p>\n<p class=\"p2\"><span class=\"s1\">No Distrito Federal, o volume de conex\u00f5es j\u00e1 ultrapassa 1 milh\u00e3o. \u00c9 a unidade da federa\u00e7\u00e3o com maior propor\u00e7\u00e3o entre o n\u00famero de popula\u00e7\u00e3o e o de conex\u00f5es feitas. Come\u00e7ou pela capital federal a implanta\u00e7\u00e3o da tecnologia.<\/span><\/p>\n<p><strong>Lei de instala\u00e7\u00e3o de antenas\u00a0<\/strong><\/p>\n<p class=\"p2\"><span class=\"s1\">Um dos desafios no setor est\u00e1 na atualiza\u00e7\u00e3o das leis de instala\u00e7\u00e3o de antenas pelos munic\u00edpios. Atualmente, apenas 14,27% das cidades brasileiras t\u00eam leis compat\u00edveis com o 5G, segundo levantamento da Conexis.<\/span><\/p>\n<p class=\"p2\"><span class=\"s1\">\u201cPrecisamos que esse n\u00famero evolua para que possamos manter o ritmo de expans\u00e3o da tecnologia\u201d, afirma Marcos Ferrari, presidente-executivo da entidade.<\/span><\/p>\n","protected":false},"excerpt":{"rendered":"<p>Poe Samanta Sallum\u00a0 As empresas de telecomunica\u00e7\u00f5es iniciam 2025 bem perto de concluir a\u00a0implementa\u00e7\u00e3o do 5G no pa\u00eds. Dados da Conexis Brasil Digital, entidade que representa as maiores operadoras do pa\u00eds, mostram que o setor j\u00e1 cumpriu 93,35% das metas de instala\u00e7\u00e3o da tecnologia. O prazo definido pela Ag\u00eancia Nacional de Telecomunica\u00e7\u00f5es (Anatel) se encerra em julho. O 5G est\u00e1 [&hellip;]<\/p>\n","protected":false},"author":125,"featured_media":18147,"comment_status":"open","ping_status":"open","sticky":false,"template":"","format":"standard","meta":{"footnotes":""},"categories":[6],"tags":[1188,1191,2239,2691,374,2610,886,33],"class_list":["post-18145","post","type-post","status-publish","format-standard","has-post-thumbnail","hentry","category-coluna-capital-s-a","tag-5g","tag-anatel","tag-conexao","tag-conexisbrasildigital","tag-expansao","tag-marcosferrari","tag-telecomunicacoes","tag-tecnologia"],"_links":{"self":[{"href":"https:\/\/blogs.correiobraziliense.com.br\/capital-sa\/wp-json\/wp\/v2\/posts\/18145","targetHints":{"allow":["GET"]}}],"collection":[{"href":"https:\/\/blogs.correiobraziliense.com.br\/capital-sa\/wp-json\/wp\/v2\/posts"}],"about":[{"href":"https:\/\/blogs.correiobraziliense.com.br\/capital-sa\/wp-json\/wp\/v2\/types\/post"}],"author":[{"embeddable":true,"href":"https:\/\/blogs.correiobraziliense.com.br\/capital-sa\/wp-json\/wp\/v2\/users\/125"}],"replies":[{"embeddable":true,"href":"https:\/\/blogs.correiobraziliense.com.br\/capital-sa\/wp-json\/wp\/v2\/comments?post=18145"}],"version-history":[{"count":4,"href":"https:\/\/blogs.correiobraziliense.com.br\/capital-sa\/wp-json\/wp\/v2\/posts\/18145\/revisions"}],"predecessor-version":[{"id":18150,"href":"https:\/\/blogs.correiobraziliense.com.br\/capital-sa\/wp-json\/wp\/v2\/posts\/18145\/revisions\/18150"}],"wp:featuredmedia":[{"embeddable":true,"href":"https:\/\/blogs.correiobraziliense.com.br\/capital-sa\/wp-json\/wp\/v2\/media\/18147"}],"wp:attachment":[{"href":"https:\/\/blogs.correiobraziliense.com.br\/capital-sa\/wp-json\/wp\/v2\/media?parent=18145"}],"wp:term":[{"taxonomy":"category","embeddable":true,"href":"https:\/\/blogs.correiobraziliense.com.br\/capital-sa\/wp-json\/wp\/v2\/categories?post=18145"},{"taxonomy":"post_tag","embeddable":true,"href":"https:\/\/blogs.correiobraziliense.com.br\/capital-sa\/wp-json\/wp\/v2\/tags?post=18145"}],"curies":[{"name":"wp","href":"https:\/\/api.w.org\/{rel}","templated":true}]}}