{"id":18135,"date":"2025-01-13T08:24:32","date_gmt":"2025-01-13T11:24:32","guid":{"rendered":"https:\/\/blogs.correiobraziliense.com.br\/capital-sa\/?p=18135"},"modified":"2025-01-12T23:43:33","modified_gmt":"2025-01-13T02:43:33","slug":"ibaneis-volta-das-ferias-depois-de-um-domingo-de-alagamentos-no-df","status":"publish","type":"post","link":"https:\/\/blogs.correiobraziliense.com.br\/capital-sa\/2025\/01\/13\/ibaneis-volta-das-ferias-depois-de-um-domingo-de-alagamentos-no-df\/","title":{"rendered":"Ibaneis volta das f\u00e9rias depois de um domingo de alagamentos no DF"},"content":{"rendered":"<p class=\"p1\"><strong>Por Samanta Sallum\u00a0<\/strong><\/p>\n<p class=\"p1\"><span class=\"s1\">O governador Ibaneis Rocha reassume o GDF hoje depois do per\u00edodo de f\u00e9rias. Na agenda, reuni\u00e3o de planejamento para 2025. A ordem \u00e9 pisar no acelerador, pois este \u00e9 considerado o ano de grandes entregas e de consolidar a imagem do governo para as elei\u00e7\u00f5es de 2026. Entre as prioridades, as obras do Drenar-DF, exatamente para reduzir os estragos das chuvas na capital federal. As de domingo provocaram alagamentos em diversas regi\u00f5es.<\/span><\/p>\n<p><img loading=\"lazy\" decoding=\"async\" class=\"aligncenter size-medium wp-image-18140\" src=\"https:\/\/blogs.correiobraziliense.com.br\/capital-sa\/wp-content\/uploads\/sites\/59\/2025\/01\/IMG_1773-300x200.jpeg\" alt=\"\" width=\"300\" height=\"200\" srcset=\"https:\/\/blogs.correiobraziliense.com.br\/capital-sa\/wp-content\/uploads\/sites\/59\/2025\/01\/IMG_1773-300x200.jpeg 300w, https:\/\/blogs.correiobraziliense.com.br\/capital-sa\/wp-content\/uploads\/sites\/59\/2025\/01\/IMG_1773-768x511.jpeg 768w, https:\/\/blogs.correiobraziliense.com.br\/capital-sa\/wp-content\/uploads\/sites\/59\/2025\/01\/IMG_1773-800x533.jpeg 800w, https:\/\/blogs.correiobraziliense.com.br\/capital-sa\/wp-content\/uploads\/sites\/59\/2025\/01\/IMG_1773-550x366.jpeg 550w, https:\/\/blogs.correiobraziliense.com.br\/capital-sa\/wp-content\/uploads\/sites\/59\/2025\/01\/IMG_1773-230x153.jpeg 230w, https:\/\/blogs.correiobraziliense.com.br\/capital-sa\/wp-content\/uploads\/sites\/59\/2025\/01\/IMG_1773.jpeg 1021w\" sizes=\"auto, (max-width: 300px) 100vw, 300px\" \/><\/p>\n<p class=\"p1\"><span class=\"s1\">\u201c<strong>N\u00e3o podemos pecar nos detalhes\u201d<\/strong><\/span><\/p>\n<p class=\"p1\"><span class=\"s1\">O secret\u00e1rio de governo do DF, Jos\u00e9 Humberto Pires, tem a miss\u00e3o de apresentar a Ibaneis o calend\u00e1rio de gest\u00e3o para os pr\u00f3ximos meses e o balan\u00e7o do que est\u00e1 sendo feito. No momento, h\u00e1 um esfor\u00e7o concentrado para manuten\u00e7\u00e3o de \u00e1reas urbanas das regi\u00f5es administrativas por causa do per\u00edodo de chuvas. <\/span><\/p>\n<p class=\"p1\"><span class=\"s1\">\u201cMe reuni com todos os administradores na semana passada para intensificar a zeladoria das cidades. N\u00e3o podemos pecar no detalhes\u201d, disse \u00e0 coluna.<\/span><\/p>\n","protected":false},"excerpt":{"rendered":"<p>Por Samanta Sallum\u00a0 O governador Ibaneis Rocha reassume o GDF hoje depois do per\u00edodo de f\u00e9rias. Na agenda, reuni\u00e3o de planejamento para 2025. A ordem \u00e9 pisar no acelerador, pois este \u00e9 considerado o ano de grandes entregas e de consolidar a imagem do governo para as elei\u00e7\u00f5es de 2026. Entre as prioridades, as obras do Drenar-DF, exatamente para reduzir [&hellip;]<\/p>\n","protected":false},"author":125,"featured_media":18139,"comment_status":"open","ping_status":"open","sticky":false,"template":"","format":"standard","meta":{"footnotes":""},"categories":[6],"tags":[2687,2689,2580,203,642,2690,2688],"class_list":["post-18135","post","type-post","status-publish","format-standard","has-post-thumbnail","hentry","category-coluna-capital-s-a","tag-alagamento","tag-drenar-df","tag-eleicoes2026","tag-gdf","tag-ibaneisrocha","tag-josehumbertopires","tag-planejamento"],"_links":{"self":[{"href":"https:\/\/blogs.correiobraziliense.com.br\/capital-sa\/wp-json\/wp\/v2\/posts\/18135","targetHints":{"allow":["GET"]}}],"collection":[{"href":"https:\/\/blogs.correiobraziliense.com.br\/capital-sa\/wp-json\/wp\/v2\/posts"}],"about":[{"href":"https:\/\/blogs.correiobraziliense.com.br\/capital-sa\/wp-json\/wp\/v2\/types\/post"}],"author":[{"embeddable":true,"href":"https:\/\/blogs.correiobraziliense.com.br\/capital-sa\/wp-json\/wp\/v2\/users\/125"}],"replies":[{"embeddable":true,"href":"https:\/\/blogs.correiobraziliense.com.br\/capital-sa\/wp-json\/wp\/v2\/comments?post=18135"}],"version-history":[{"count":6,"href":"https:\/\/blogs.correiobraziliense.com.br\/capital-sa\/wp-json\/wp\/v2\/posts\/18135\/revisions"}],"predecessor-version":[{"id":18143,"href":"https:\/\/blogs.correiobraziliense.com.br\/capital-sa\/wp-json\/wp\/v2\/posts\/18135\/revisions\/18143"}],"wp:featuredmedia":[{"embeddable":true,"href":"https:\/\/blogs.correiobraziliense.com.br\/capital-sa\/wp-json\/wp\/v2\/media\/18139"}],"wp:attachment":[{"href":"https:\/\/blogs.correiobraziliense.com.br\/capital-sa\/wp-json\/wp\/v2\/media?parent=18135"}],"wp:term":[{"taxonomy":"category","embeddable":true,"href":"https:\/\/blogs.correiobraziliense.com.br\/capital-sa\/wp-json\/wp\/v2\/categories?post=18135"},{"taxonomy":"post_tag","embeddable":true,"href":"https:\/\/blogs.correiobraziliense.com.br\/capital-sa\/wp-json\/wp\/v2\/tags?post=18135"}],"curies":[{"name":"wp","href":"https:\/\/api.w.org\/{rel}","templated":true}]}}