{"id":18098,"date":"2025-01-09T13:57:59","date_gmt":"2025-01-09T16:57:59","guid":{"rendered":"https:\/\/blogs.correiobraziliense.com.br\/capital-sa\/?p=18098"},"modified":"2025-01-12T12:32:33","modified_gmt":"2025-01-12T15:32:33","slug":"alugueis-no-df-sao-reajustados-bem-acima-do-igp-m","status":"publish","type":"post","link":"https:\/\/blogs.correiobraziliense.com.br\/capital-sa\/2025\/01\/09\/alugueis-no-df-sao-reajustados-bem-acima-do-igp-m\/","title":{"rendered":"Alugu\u00e9is no DF s\u00e3o reajustados bem acima do IGP-M"},"content":{"rendered":"<p><em>Demanda alta faz valores subirem e provoca maior rotatividade de inquilinos<\/em><\/p>\n<p class=\"p1\"><strong>Por Samanta Sallum\u00a0<\/strong><\/p>\n<p class=\"p1\"><span class=\"s2\">O Sindicato da Habita\u00e7\u00e3o do Distrito Federal (SECOVI-DF) apurou que os alugu\u00e9is aumentaram 24,24% entre novembro de 2023 e novembro de 2024. O \u00cdndice \u00e9 bem maior que o IGP-M, que \u00e9 a principal refer\u00eancia de reajuste dos contratos de loca\u00e7\u00e3o. Este acumula alta de apenas 6,33% no mesmo per\u00edodo.<\/span><\/p>\n<p class=\"p1\"><span class=\"s2\">O presidente do SECOVI\/DF, Ov\u00eddio Maia, explicou \u00e0 coluna que a alta nos pre\u00e7os dos alugu\u00e9is n\u00e3o reflete apenas os reajustes contratuais de perman\u00eancia no im\u00f3vel. O aumento expressivo \u00e9 majoritariamente atribu\u00eddo aos novos contratos de loca\u00e7\u00e3o. \u201cIsso ocorre em fun\u00e7\u00e3o do mercado estar aquecido, por conta da alta demanda\u201d, aponta. <\/span><\/p>\n<p class=\"p1\"><span class=\"s2\">Os propriet\u00e1rios, observando o aumento geral dos alugu\u00e9is no DF, est\u00e3o menos dispostos a renovar contratos antigos sem reajustes significativos.<br \/>\n<\/span><\/p>\n<p class=\"p1\"><span class=\"s2\">\u201cEssa situa\u00e7\u00e3o pode criar desafios tanto para inquilinos, que enfrentam os aumentos, quanto para os propriet\u00e1rios e imobili\u00e1rias, que podem observar maior rotatividade de locat\u00e1rios nos im\u00f3veis&#8221;, destaca Ov\u00eddio Maia.<\/span><\/p>\n","protected":false},"excerpt":{"rendered":"<p>Demanda alta faz valores subirem e provoca maior rotatividade de inquilinos Por Samanta Sallum\u00a0 O Sindicato da Habita\u00e7\u00e3o do Distrito Federal (SECOVI-DF) apurou que os alugu\u00e9is aumentaram 24,24% entre novembro de 2023 e novembro de 2024. O \u00cdndice \u00e9 bem maior que o IGP-M, que \u00e9 a principal refer\u00eancia de reajuste dos contratos de loca\u00e7\u00e3o. Este acumula alta de apenas [&hellip;]<\/p>\n","protected":false},"author":125,"featured_media":18102,"comment_status":"open","ping_status":"open","sticky":false,"template":"","format":"standard","meta":{"footnotes":""},"categories":[6],"tags":[1174,702,276,2640,410,542,2599,760],"class_list":["post-18098","post","type-post","status-publish","format-standard","has-post-thumbnail","hentry","category-coluna-capital-s-a","tag-aluguel","tag-aumento","tag-economia","tag-igp-m","tag-imoveis","tag-moradia","tag-ovidiomaia","tag-secovi-df"],"_links":{"self":[{"href":"https:\/\/blogs.correiobraziliense.com.br\/capital-sa\/wp-json\/wp\/v2\/posts\/18098","targetHints":{"allow":["GET"]}}],"collection":[{"href":"https:\/\/blogs.correiobraziliense.com.br\/capital-sa\/wp-json\/wp\/v2\/posts"}],"about":[{"href":"https:\/\/blogs.correiobraziliense.com.br\/capital-sa\/wp-json\/wp\/v2\/types\/post"}],"author":[{"embeddable":true,"href":"https:\/\/blogs.correiobraziliense.com.br\/capital-sa\/wp-json\/wp\/v2\/users\/125"}],"replies":[{"embeddable":true,"href":"https:\/\/blogs.correiobraziliense.com.br\/capital-sa\/wp-json\/wp\/v2\/comments?post=18098"}],"version-history":[{"count":5,"href":"https:\/\/blogs.correiobraziliense.com.br\/capital-sa\/wp-json\/wp\/v2\/posts\/18098\/revisions"}],"predecessor-version":[{"id":18117,"href":"https:\/\/blogs.correiobraziliense.com.br\/capital-sa\/wp-json\/wp\/v2\/posts\/18098\/revisions\/18117"}],"wp:featuredmedia":[{"embeddable":true,"href":"https:\/\/blogs.correiobraziliense.com.br\/capital-sa\/wp-json\/wp\/v2\/media\/18102"}],"wp:attachment":[{"href":"https:\/\/blogs.correiobraziliense.com.br\/capital-sa\/wp-json\/wp\/v2\/media?parent=18098"}],"wp:term":[{"taxonomy":"category","embeddable":true,"href":"https:\/\/blogs.correiobraziliense.com.br\/capital-sa\/wp-json\/wp\/v2\/categories?post=18098"},{"taxonomy":"post_tag","embeddable":true,"href":"https:\/\/blogs.correiobraziliense.com.br\/capital-sa\/wp-json\/wp\/v2\/tags?post=18098"}],"curies":[{"name":"wp","href":"https:\/\/api.w.org\/{rel}","templated":true}]}}