{"id":18049,"date":"2024-12-30T15:06:06","date_gmt":"2024-12-30T18:06:06","guid":{"rendered":"https:\/\/blogs.correiobraziliense.com.br\/capital-sa\/?p=18049"},"modified":"2025-01-12T14:24:23","modified_gmt":"2025-01-12T17:24:23","slug":"tendencias-de-turismo-no-brasil-para-o-verao-2025","status":"publish","type":"post","link":"https:\/\/blogs.correiobraziliense.com.br\/capital-sa\/2024\/12\/30\/tendencias-de-turismo-no-brasil-para-o-verao-2025\/","title":{"rendered":"Tend\u00eancias de turismo no Brasil para o Ver\u00e3o 2025"},"content":{"rendered":"<p><strong>Por Samanta Sallum\u00a0<\/strong><\/p>\n<p class=\"p1\"><span class=\"s1\">Uma parceria entre o Minist\u00e9rio do Turismo e companhias a\u00e9reas dever\u00e1 aumentar em 12% o n\u00famero de assentos em voos dom\u00e9sticos no pr\u00f3ximo ver\u00e3o, chegando a\u00a0<\/span>29,8 milh\u00f5es.<\/p>\n<p>A expectativa \u00e9 de que o n\u00famero de voos internos dispon\u00edveis aumente em 17,8 mil, alcan\u00e7ando o total de 184 mil, resultado 10,7% acima do verificado em 2023.<\/p>\n<p>As praias se confirmam como o destino mais procurado. E Jo\u00e3o Pessoa \u00e9 uma das cidades mais concorridas para as f\u00e9rias de ver\u00e3o.<\/p>\n<p class=\"p1\"><span class=\"s2\">Pesquisa in\u00e9dita<\/span><span class=\"s1\"> sobre comportamento da popula\u00e7\u00e3o brasileira<\/span><span class=\"s2\">, feita pelo Minist\u00e9rio do Turismo (MTur) e pela Nexus &#8211; Pesquisa e Intelig\u00eancia de Dados, aponta que entre dezembro de 2024 e fevereiro de 2025:<\/span><\/p>\n<ul class=\"ul1\">\n<li class=\"li1\"><span class=\"s2\">O turismo deve movimentar R$ 148 bilh\u00f5es no Brasil.<\/span><\/li>\n<li class=\"li1\">59 milh\u00f5es de brasileiros pretendem viajar no ver\u00e3o. O n\u00famero corresponde a 35% da popula\u00e7\u00e3o.<\/li>\n<\/ul>\n<ul class=\"ul1\">\n<li class=\"li1\"><span class=\"s2\">Gasto m\u00e9dio ser\u00e1 de R$ 2.514,00. Um aumento de 34% em rela\u00e7\u00e3o ao ver\u00e3o anterior (R$ 1.877,00).<\/span><\/li>\n<\/ul>\n<ul class=\"ul1\">\n<li class=\"li1\"><span class=\"s2\">97% da popula\u00e7\u00e3o escolheu destinos nacionais. A prefer\u00eancia (54%) \u00e9 pela praia, principalmente no estado da Bahia (16%).\u00a0<\/span><\/li>\n<li class=\"li1\"><span class=\"s2\">Em m\u00e9dia, as viagens durante as f\u00e9rias de ver\u00e3o v\u00e3o durar 12 dias.<\/span><\/li>\n<li><span class=\"s2\">O carro pr\u00f3prio ser\u00e1 o meio de transporte para 40% dos brasileiros nestas f\u00e9rias, seguido por \u00f4nibus (28%) e avi\u00e3o (27%);<\/span><\/li>\n<li class=\"li1\"><span class=\"s2\">55% dos brasileiros que pretendem viajar de avi\u00e3o neste ver\u00e3o ainda n\u00e3o tinham comprado passagem em outubro, quando foram entrevistados.<\/span><\/li>\n<\/ul>\n<p class=\"p1\"><strong><span class=\"s2\">Para identificar potenciais<\/span><\/strong><\/p>\n<p>O ministro do Turismo, Celso Sabino, avaliou que o turismo brasileiro vive um momento de bons resultados para o setor. \u00a0\u201cA temporada de ver\u00e3o ser\u00e1 decisiva para um 2025 ainda melhor. A pesquisa contribui tanto para entender quais destinos devem receber mais turistas na alta temporada, quanto para identificar potenciais a serem explorados\u201d, disse Sabino.<\/p>\n","protected":false},"excerpt":{"rendered":"<p>Por Samanta Sallum\u00a0 Uma parceria entre o Minist\u00e9rio do Turismo e companhias a\u00e9reas dever\u00e1 aumentar em 12% o n\u00famero de assentos em voos dom\u00e9sticos no pr\u00f3ximo ver\u00e3o, chegando a\u00a029,8 milh\u00f5es. A expectativa \u00e9 de que o n\u00famero de voos internos dispon\u00edveis aumente em 17,8 mil, alcan\u00e7ando o total de 184 mil, resultado 10,7% acima do verificado em 2023. As praias [&hellip;]<\/p>\n","protected":false},"author":125,"featured_media":18051,"comment_status":"open","ping_status":"open","sticky":false,"template":"","format":"standard","meta":{"footnotes":""},"categories":[6],"tags":[2662,276,1534,895,333,2661],"class_list":["post-18049","post","type-post","status-publish","format-standard","has-post-thumbnail","hentry","category-coluna-capital-s-a","tag-celsosabino","tag-economia","tag-ferias","tag-ministeriodoturismo","tag-turismo","tag-viagem"],"_links":{"self":[{"href":"https:\/\/blogs.correiobraziliense.com.br\/capital-sa\/wp-json\/wp\/v2\/posts\/18049","targetHints":{"allow":["GET"]}}],"collection":[{"href":"https:\/\/blogs.correiobraziliense.com.br\/capital-sa\/wp-json\/wp\/v2\/posts"}],"about":[{"href":"https:\/\/blogs.correiobraziliense.com.br\/capital-sa\/wp-json\/wp\/v2\/types\/post"}],"author":[{"embeddable":true,"href":"https:\/\/blogs.correiobraziliense.com.br\/capital-sa\/wp-json\/wp\/v2\/users\/125"}],"replies":[{"embeddable":true,"href":"https:\/\/blogs.correiobraziliense.com.br\/capital-sa\/wp-json\/wp\/v2\/comments?post=18049"}],"version-history":[{"count":6,"href":"https:\/\/blogs.correiobraziliense.com.br\/capital-sa\/wp-json\/wp\/v2\/posts\/18049\/revisions"}],"predecessor-version":[{"id":18128,"href":"https:\/\/blogs.correiobraziliense.com.br\/capital-sa\/wp-json\/wp\/v2\/posts\/18049\/revisions\/18128"}],"wp:featuredmedia":[{"embeddable":true,"href":"https:\/\/blogs.correiobraziliense.com.br\/capital-sa\/wp-json\/wp\/v2\/media\/18051"}],"wp:attachment":[{"href":"https:\/\/blogs.correiobraziliense.com.br\/capital-sa\/wp-json\/wp\/v2\/media?parent=18049"}],"wp:term":[{"taxonomy":"category","embeddable":true,"href":"https:\/\/blogs.correiobraziliense.com.br\/capital-sa\/wp-json\/wp\/v2\/categories?post=18049"},{"taxonomy":"post_tag","embeddable":true,"href":"https:\/\/blogs.correiobraziliense.com.br\/capital-sa\/wp-json\/wp\/v2\/tags?post=18049"}],"curies":[{"name":"wp","href":"https:\/\/api.w.org\/{rel}","templated":true}]}}