{"id":18044,"date":"2024-12-30T14:44:34","date_gmt":"2024-12-30T17:44:34","guid":{"rendered":"https:\/\/blogs.correiobraziliense.com.br\/capital-sa\/?p=18044"},"modified":"2025-01-12T14:32:45","modified_gmt":"2025-01-12T17:32:45","slug":"mcdonalds-e-ministerio-do-desenvolvimento-social-assinam-acordo","status":"publish","type":"post","link":"https:\/\/blogs.correiobraziliense.com.br\/capital-sa\/2024\/12\/30\/mcdonalds-e-ministerio-do-desenvolvimento-social-assinam-acordo\/","title":{"rendered":"McDonald\u2019s e Minist\u00e9rio do Desenvolvimento Social assinam acordo"},"content":{"rendered":"<p class=\"p1\"><strong>Por Samanta Sallum\u00a0<\/strong><\/p>\n<p class=\"p1\"><span class=\"s1\">A maior franquia do McDonald&#8217;s no mundo e operadora da marca no Brasil, a Arcos Dourados, firmou um acordo de coopera\u00e7\u00e3o t\u00e9cnica com o Minist\u00e9rio do Desenvolvimento Social e Assist\u00eancia Social, Fam\u00edlia e Combate \u00e0 Fome (MDS) pe<\/span>la inclus\u00e3o social e empregabilidade de jovens. A parceria vai ampliar o alcance das oportunidades de emprego formal.<\/p>\n<p>O objetivo \u00e9 dar oportunidade a pessoas inscritas no Cadastro \u00danico (Cad\u00danico), instrumento do governo federal que mapeia dados socioecon\u00f4micos a fim de identificar fam\u00edlias que sejam necessitadas de programas sociais.<\/p>\n<p>Atualmente, a Arcos Dorados e o sistema McDonald\u2019s empregam, juntos, cerca de 70 mil pessoas no Brasil. Na AD, mais de 60% delas t\u00eam menos de 24 anos.<\/p>\n<p>O encontro para a assinatura do acordo contou com a presen\u00e7a do ministro da pasta Wellington Dias, da Vice-Presidente de Rela\u00e7\u00f5es Governamentais da Arcos Dorados, Marlene Fernandez, e do presidente da Divis\u00e3o Brasil da Arcos Dorados, Rog\u00e9rio Barreira.<\/p>\n","protected":false},"excerpt":{"rendered":"<p>Por Samanta Sallum\u00a0 A maior franquia do McDonald&#8217;s no mundo e operadora da marca no Brasil, a Arcos Dourados, firmou um acordo de coopera\u00e7\u00e3o t\u00e9cnica com o Minist\u00e9rio do Desenvolvimento Social e Assist\u00eancia Social, Fam\u00edlia e Combate \u00e0 Fome (MDS) pela inclus\u00e3o social e empregabilidade de jovens. A parceria vai ampliar o alcance das oportunidades de emprego formal. O objetivo [&hellip;]<\/p>\n","protected":false},"author":125,"featured_media":18048,"comment_status":"open","ping_status":"open","sticky":false,"template":"","format":"standard","meta":{"footnotes":""},"categories":[6],"tags":[1285,2665,2666,1283,144,2207,2400,2667,2663,1978,2664,2668,2396],"class_list":["post-18044","post","type-post","status-publish","format-standard","has-post-thumbnail","hentry","category-coluna-capital-s-a","tag-acordo","tag-arcosdourados","tag-cadunico","tag-cooperacao","tag-empregabilidade","tag-governofederal","tag-inclusaosocial","tag-marlenefernandez","tag-mcdonalds","tag-mds","tag-ministeriododesenvolvimentosocial","tag-rogeriobarreira","tag-wellingtondias"],"_links":{"self":[{"href":"https:\/\/blogs.correiobraziliense.com.br\/capital-sa\/wp-json\/wp\/v2\/posts\/18044","targetHints":{"allow":["GET"]}}],"collection":[{"href":"https:\/\/blogs.correiobraziliense.com.br\/capital-sa\/wp-json\/wp\/v2\/posts"}],"about":[{"href":"https:\/\/blogs.correiobraziliense.com.br\/capital-sa\/wp-json\/wp\/v2\/types\/post"}],"author":[{"embeddable":true,"href":"https:\/\/blogs.correiobraziliense.com.br\/capital-sa\/wp-json\/wp\/v2\/users\/125"}],"replies":[{"embeddable":true,"href":"https:\/\/blogs.correiobraziliense.com.br\/capital-sa\/wp-json\/wp\/v2\/comments?post=18044"}],"version-history":[{"count":5,"href":"https:\/\/blogs.correiobraziliense.com.br\/capital-sa\/wp-json\/wp\/v2\/posts\/18044\/revisions"}],"predecessor-version":[{"id":18130,"href":"https:\/\/blogs.correiobraziliense.com.br\/capital-sa\/wp-json\/wp\/v2\/posts\/18044\/revisions\/18130"}],"wp:featuredmedia":[{"embeddable":true,"href":"https:\/\/blogs.correiobraziliense.com.br\/capital-sa\/wp-json\/wp\/v2\/media\/18048"}],"wp:attachment":[{"href":"https:\/\/blogs.correiobraziliense.com.br\/capital-sa\/wp-json\/wp\/v2\/media?parent=18044"}],"wp:term":[{"taxonomy":"category","embeddable":true,"href":"https:\/\/blogs.correiobraziliense.com.br\/capital-sa\/wp-json\/wp\/v2\/categories?post=18044"},{"taxonomy":"post_tag","embeddable":true,"href":"https:\/\/blogs.correiobraziliense.com.br\/capital-sa\/wp-json\/wp\/v2\/tags?post=18044"}],"curies":[{"name":"wp","href":"https:\/\/api.w.org\/{rel}","templated":true}]}}