{"id":18002,"date":"2024-12-23T14:23:37","date_gmt":"2024-12-23T17:23:37","guid":{"rendered":"https:\/\/blogs.correiobraziliense.com.br\/capital-sa\/?p=18002"},"modified":"2025-01-12T15:03:16","modified_gmt":"2025-01-12T18:03:16","slug":"renan-filho-determina-sindicancia-e-acao-emergencial-para-reconstrucao-de-ponte-que-desabou","status":"publish","type":"post","link":"https:\/\/blogs.correiobraziliense.com.br\/capital-sa\/2024\/12\/23\/renan-filho-determina-sindicancia-e-acao-emergencial-para-reconstrucao-de-ponte-que-desabou\/","title":{"rendered":"Renan Filho determina sindic\u00e2ncia e a\u00e7\u00e3o emergencial para reconstru\u00e7\u00e3o de ponte que desabou"},"content":{"rendered":"<p><em>Segundo o ministro dos Transportes, o Brasil tem mais de nove mil pontes, viadutos, t\u00faneis, todos monitorados para evitar desastres como o que ocorreu na ponte que liga Tocantins ao Maranh\u00e3o\u00a0<\/em><\/p>\n<p class=\"p1\"><strong>Por Samanta Sallum\u00a0<\/strong><\/p>\n<p class=\"p1\"><span class=\"s1\">O ministro dos Transportes, Renan Filho, anunciou um decreto emergencial para reconstru\u00e7\u00e3o da ponte Juscelino Kubitschek, ainda em 2024, e a abertura de uma sindic\u00e2ncia para apura\u00e7\u00e3o dos respons\u00e1veis pelo desastre. Ele esteve no Maranh\u00e3o, nesta segunda-feira, para vistoria no local do desabamento, acompanhado do diretor geral do Departamento Nacional de Infraestrutura de Transportes (DNIT), Fabr\u00edcio Galv\u00e3o, do governador do Maranh\u00e3o, Carlos Brand\u00e3o, e o governador de Tocantins, Wanderley Barbosa.<\/span><\/p>\n<p><img loading=\"lazy\" decoding=\"async\" class=\"aligncenter size-medium wp-image-18011\" src=\"https:\/\/blogs.correiobraziliense.com.br\/capital-sa\/wp-content\/uploads\/sites\/59\/2024\/12\/C8C00472-0401-4B2D-96EC-66D0F9E232EF-300x193.jpeg\" alt=\"\" width=\"300\" height=\"193\" srcset=\"https:\/\/blogs.correiobraziliense.com.br\/capital-sa\/wp-content\/uploads\/sites\/59\/2024\/12\/C8C00472-0401-4B2D-96EC-66D0F9E232EF-300x193.jpeg 300w, https:\/\/blogs.correiobraziliense.com.br\/capital-sa\/wp-content\/uploads\/sites\/59\/2024\/12\/C8C00472-0401-4B2D-96EC-66D0F9E232EF-768x495.jpeg 768w, https:\/\/blogs.correiobraziliense.com.br\/capital-sa\/wp-content\/uploads\/sites\/59\/2024\/12\/C8C00472-0401-4B2D-96EC-66D0F9E232EF-1024x660.jpeg 1024w, https:\/\/blogs.correiobraziliense.com.br\/capital-sa\/wp-content\/uploads\/sites\/59\/2024\/12\/C8C00472-0401-4B2D-96EC-66D0F9E232EF-800x515.jpeg 800w, https:\/\/blogs.correiobraziliense.com.br\/capital-sa\/wp-content\/uploads\/sites\/59\/2024\/12\/C8C00472-0401-4B2D-96EC-66D0F9E232EF-550x354.jpeg 550w, https:\/\/blogs.correiobraziliense.com.br\/capital-sa\/wp-content\/uploads\/sites\/59\/2024\/12\/C8C00472-0401-4B2D-96EC-66D0F9E232EF-230x148.jpeg 230w, https:\/\/blogs.correiobraziliense.com.br\/capital-sa\/wp-content\/uploads\/sites\/59\/2024\/12\/C8C00472-0401-4B2D-96EC-66D0F9E232EF.jpeg 1169w\" sizes=\"auto, (max-width: 300px) 100vw, 300px\" \/><\/p>\n<p class=\"p1\"><span class=\"s1\">\u201cN\u00f3s estamos com emerg\u00eancia decretada para contratar a reconstru\u00e7\u00e3o da ponte ainda dentro do exerc\u00edcio de 2024\u201d, afirmou o ministro.<br \/>\n<\/span><\/p>\n<p>Ele assumiu o compromisso com a devida apura\u00e7\u00e3o das causas e dos respons\u00e1veis pelo desastre. \u201cN\u00f3s temos v\u00e1rias interdi\u00e7\u00f5es de obras desse tipo. O Brasil tem mais de nove mil pontes, viadutos, t\u00faneis, todos monitorados justamente para evitar coisas como o que aconteceu aqui e a recupera\u00e7\u00e3o dessas obras. Ent\u00e3o, a sindic\u00e2ncia \u00e9 importante para apurar as causas do que houve e para devida responsabiliza\u00e7\u00e3o.\u201d<\/p>\n<p>Al\u00e9m da reconstru\u00e7\u00e3o, est\u00e1 sendo agilizada a retirada dos escombros, a avalia\u00e7\u00e3o dos danos causados, o acompanhamento do trabalho e a execu\u00e7\u00e3o das futuras obras. \u201cMinha vinda aqui traz a garantia ao povo maranhense e ao tocantinense de que vamos reconstruir integralmente esta ponte com todos os itens de seguran\u00e7a\u201d, frisou Renan Filho.<\/p>\n","protected":false},"excerpt":{"rendered":"<p>Segundo o ministro dos Transportes, o Brasil tem mais de nove mil pontes, viadutos, t\u00faneis, todos monitorados para evitar desastres como o que ocorreu na ponte que liga Tocantins ao Maranh\u00e3o\u00a0 Por Samanta Sallum\u00a0 O ministro dos Transportes, Renan Filho, anunciou um decreto emergencial para reconstru\u00e7\u00e3o da ponte Juscelino Kubitschek, ainda em 2024, e a abertura de uma sindic\u00e2ncia para [&hellip;]<\/p>\n","protected":false},"author":125,"featured_media":18010,"comment_status":"open","ping_status":"open","sticky":false,"template":"","format":"standard","meta":{"footnotes":""},"categories":[6],"tags":[2685,2681,2683,2684,2682,2680,2679,2504,2678,2686],"class_list":["post-18002","post","type-post","status-publish","format-standard","has-post-thumbnail","hentry","category-coluna-capital-s-a","tag-carlosbrandao","tag-desabamento","tag-dnit","tag-fabriciogalvao","tag-ministeriodostransportes","tag-ponte","tag-reconstrucao","tag-renanfilho","tag-sindicancia","tag-wanderleybarbosa"],"_links":{"self":[{"href":"https:\/\/blogs.correiobraziliense.com.br\/capital-sa\/wp-json\/wp\/v2\/posts\/18002","targetHints":{"allow":["GET"]}}],"collection":[{"href":"https:\/\/blogs.correiobraziliense.com.br\/capital-sa\/wp-json\/wp\/v2\/posts"}],"about":[{"href":"https:\/\/blogs.correiobraziliense.com.br\/capital-sa\/wp-json\/wp\/v2\/types\/post"}],"author":[{"embeddable":true,"href":"https:\/\/blogs.correiobraziliense.com.br\/capital-sa\/wp-json\/wp\/v2\/users\/125"}],"replies":[{"embeddable":true,"href":"https:\/\/blogs.correiobraziliense.com.br\/capital-sa\/wp-json\/wp\/v2\/comments?post=18002"}],"version-history":[{"count":10,"href":"https:\/\/blogs.correiobraziliense.com.br\/capital-sa\/wp-json\/wp\/v2\/posts\/18002\/revisions"}],"predecessor-version":[{"id":18134,"href":"https:\/\/blogs.correiobraziliense.com.br\/capital-sa\/wp-json\/wp\/v2\/posts\/18002\/revisions\/18134"}],"wp:featuredmedia":[{"embeddable":true,"href":"https:\/\/blogs.correiobraziliense.com.br\/capital-sa\/wp-json\/wp\/v2\/media\/18010"}],"wp:attachment":[{"href":"https:\/\/blogs.correiobraziliense.com.br\/capital-sa\/wp-json\/wp\/v2\/media?parent=18002"}],"wp:term":[{"taxonomy":"category","embeddable":true,"href":"https:\/\/blogs.correiobraziliense.com.br\/capital-sa\/wp-json\/wp\/v2\/categories?post=18002"},{"taxonomy":"post_tag","embeddable":true,"href":"https:\/\/blogs.correiobraziliense.com.br\/capital-sa\/wp-json\/wp\/v2\/tags?post=18002"}],"curies":[{"name":"wp","href":"https:\/\/api.w.org\/{rel}","templated":true}]}}