{"id":17991,"date":"2024-12-19T19:48:08","date_gmt":"2024-12-19T22:48:08","guid":{"rendered":"https:\/\/blogs.correiobraziliense.com.br\/capital-sa\/?p=17991"},"modified":"2024-12-22T18:12:54","modified_gmt":"2024-12-22T21:12:54","slug":"junto-a-bancada-do-df-relator-confirma-na-tribuna-apoio-ao-fundo-constitucional","status":"publish","type":"post","link":"https:\/\/blogs.correiobraziliense.com.br\/capital-sa\/2024\/12\/19\/junto-a-bancada-do-df-relator-confirma-na-tribuna-apoio-ao-fundo-constitucional\/","title":{"rendered":"Junto da bancada do DF, relator confirma na tribuna apoio ao Fundo Constitucional"},"content":{"rendered":"<p class=\"p2\"><strong>Por Samanta Sallum\u00a0<\/strong><\/p>\n<p>&nbsp;<\/p>\n<p>A C\u00e2mara dos Deputados concluiu a vota\u00e7\u00e3o do projeto de ajuste de gastos do governo e garante a manuten\u00e7\u00e3o do Fundo Constitucional do DF.<\/p>\n<p><span class=\"s2\">O relator de um dos projetos de lei (PL) do pacote de corte de gastos enviado pelo governo, deputado Isnaldo Bulh\u00f5es (MDB-AL), acaba de ler no plen\u00e1rio da Cal\u00e2mara dos Deputados seu parecer. Ele <\/span><span class=\"s3\">excluiu o Fundo Constitucional do DF dos cortes de gastos. <\/span><span class=\"s2\"> A confirma\u00e7\u00e3o, em voz alta, da decis\u00e3o divulgada ontem por escrito foi acompanhada de perto pelos representantes da bancada do Distrito Federal (foto). Estavam o deputado Rafael Prudente (MDB), a deputada Bia Kicis (PL), a deputada \u00c9rika Kokay (PT) e o deputado J\u00falio (Republicanos).<\/span><\/p>\n<p class=\"p3\"><span class=\"s2\">O parecer se refere ao PLP do Benef\u00edcio de Presta\u00e7\u00e3o Continuada (BPC). E que ainda ser\u00e1 votado. As medidas fazem parte das propostas do governo federal de corte de gastos em busca do equil\u00edbrio fiscal. Deputado Isnaldo Bulh\u00f5es ainda manteve o limite \u00e0 alta do sal\u00e1rio m\u00ednimo no texto do projeto de lei que trata de corte de gastos p\u00fablicos.<\/span><\/p>\n<p class=\"p3\"><span class=\"s2\">O deputado Rafael Prudente (MDB)<span class=\"Apple-converted-space\">\u00a0<\/span>tinha adiantado que havia um entendimento do MDB com a lideran\u00e7a e com o relator do projeto de tirar a parte que prejudicaria o DF. E celebrou o avan\u00e7o at\u00e9 agora nesse sentido. \u201cTemos uma bancada aguerrida, que honra a representatividade que nos foi dada pela popula\u00e7\u00e3o\u201d, afirmou ao blog.<\/span><\/p>\n<p>Havia a preocupa\u00e7\u00e3o de que, por meio de destaque, fosse inclu\u00edda a proposta por algum representante do governo federal.<\/p>\n","protected":false},"excerpt":{"rendered":"<p>Por Samanta Sallum\u00a0 &nbsp; A C\u00e2mara dos Deputados concluiu a vota\u00e7\u00e3o do projeto de ajuste de gastos do governo e garante a manuten\u00e7\u00e3o do Fundo Constitucional do DF. O relator de um dos projetos de lei (PL) do pacote de corte de gastos enviado pelo governo, deputado Isnaldo Bulh\u00f5es (MDB-AL), acaba de ler no plen\u00e1rio da Cal\u00e2mara dos Deputados seu [&hellip;]<\/p>\n","protected":false},"author":125,"featured_media":17994,"comment_status":"open","ping_status":"open","sticky":false,"template":"","format":"standard","meta":{"footnotes":""},"categories":[6],"tags":[1330,625],"class_list":["post-17991","post","type-post","status-publish","format-standard","has-post-thumbnail","hentry","category-coluna-capital-s-a","tag-fundoconstitucional-gdf","tag-votacao"],"_links":{"self":[{"href":"https:\/\/blogs.correiobraziliense.com.br\/capital-sa\/wp-json\/wp\/v2\/posts\/17991","targetHints":{"allow":["GET"]}}],"collection":[{"href":"https:\/\/blogs.correiobraziliense.com.br\/capital-sa\/wp-json\/wp\/v2\/posts"}],"about":[{"href":"https:\/\/blogs.correiobraziliense.com.br\/capital-sa\/wp-json\/wp\/v2\/types\/post"}],"author":[{"embeddable":true,"href":"https:\/\/blogs.correiobraziliense.com.br\/capital-sa\/wp-json\/wp\/v2\/users\/125"}],"replies":[{"embeddable":true,"href":"https:\/\/blogs.correiobraziliense.com.br\/capital-sa\/wp-json\/wp\/v2\/comments?post=17991"}],"version-history":[{"count":9,"href":"https:\/\/blogs.correiobraziliense.com.br\/capital-sa\/wp-json\/wp\/v2\/posts\/17991\/revisions"}],"predecessor-version":[{"id":18001,"href":"https:\/\/blogs.correiobraziliense.com.br\/capital-sa\/wp-json\/wp\/v2\/posts\/17991\/revisions\/18001"}],"wp:featuredmedia":[{"embeddable":true,"href":"https:\/\/blogs.correiobraziliense.com.br\/capital-sa\/wp-json\/wp\/v2\/media\/17994"}],"wp:attachment":[{"href":"https:\/\/blogs.correiobraziliense.com.br\/capital-sa\/wp-json\/wp\/v2\/media?parent=17991"}],"wp:term":[{"taxonomy":"category","embeddable":true,"href":"https:\/\/blogs.correiobraziliense.com.br\/capital-sa\/wp-json\/wp\/v2\/categories?post=17991"},{"taxonomy":"post_tag","embeddable":true,"href":"https:\/\/blogs.correiobraziliense.com.br\/capital-sa\/wp-json\/wp\/v2\/tags?post=17991"}],"curies":[{"name":"wp","href":"https:\/\/api.w.org\/{rel}","templated":true}]}}