{"id":17976,"date":"2024-12-18T11:01:08","date_gmt":"2024-12-18T14:01:08","guid":{"rendered":"https:\/\/blogs.correiobraziliense.com.br\/capital-sa\/?p=17976"},"modified":"2024-12-18T12:43:54","modified_gmt":"2024-12-18T15:43:54","slug":"projecoes-da-cni-para-2025","status":"publish","type":"post","link":"https:\/\/blogs.correiobraziliense.com.br\/capital-sa\/2024\/12\/18\/projecoes-da-cni-para-2025\/","title":{"rendered":"Proje\u00e7\u00f5es econ\u00f4micas da CNI para 2025"},"content":{"rendered":"<p><strong>Por Samanta Sallum\u00a0<\/strong><\/p>\n<p><span class=\"s1\">Devido \u00e0 redu\u00e7\u00e3o do crescimento da demanda interna, a ind\u00fastria deve crescer 2,1% no ano que vem. A ind\u00fastria de transforma\u00e7\u00e3o tende a subir 2%. Se a expectativa se confirmar, ser\u00e3o dois anos consecutivos de alta do setor, o que n\u00e3o ocorre desde o bi\u00eanio 2017-2018. \u00a0Os dados s\u00e3o do\u00a0<\/span>relat\u00f3rio Economia Brasileira 2024-2025, da Confedera\u00e7\u00e3o Nacional da Ind\u00fastria (CNI). Veja as proje\u00e7\u00f5es:<\/p>\n<p class=\"p1\"><strong>PIB<\/strong> &#8211; Crescimento de 2,4%. \u00cdndice menor que o deste ano, que deve alcan\u00e7ar 3,5%.<\/p>\n<p class=\"p1\"><span class=\"s1\"><strong>Selic<\/strong> &#8211; Depois do ciclo de alta previsto at\u00e9 o 1\u00ba<span class=\"Apple-converted-space\">\u00a0<\/span>semestre, os juros devem fechar 2025 em 12,75%.<\/span><\/p>\n<p class=\"p1\"><span class=\"s1\"><strong>Infla\u00e7\u00e3o<\/strong> &#8211; Fechando o ano em 4,2%.<\/span><\/p>\n<p class=\"p1\"><span class=\"s1\"><strong>D\u00f3lar<\/strong> &#8211; R$ 5,60 na m\u00e9dia de dezembro de 2025\/c\u00e2mbio ser\u00e1 mais desvalorizado em todo o ano, quando comparado a 2024, considerando a m\u00e9dia dos dois anos: R$ 5,70\/US$ em 2025 ante m\u00e9dia de R$ 5,38 em 2024.<\/span><\/p>\n<p class=\"p1\"><span class=\"s1\"><strong>Crescimento da ind\u00fastria<\/strong> &#8211; 2,1% para 2025. \u00cdndice menor que o deste ano, que aponta para 3,3%.<\/span><\/p>\n<p class=\"p1\"><span class=\"s1\"><strong>Consumo<\/strong> &#8211; Deve crescer 2,4% em 2025, quase metade do previsto para este ano.<\/span><\/p>\n<p class=\"p1\"><span class=\"s1\"><strong>Investimentos<\/strong> &#8211; Tendem a subir 2,6%, patamar bem inferior aos 7,3% em 2024.<\/span><\/p>\n<p><strong>Servi\u00e7os e agropecu\u00e1ria\u00a0<\/strong><\/p>\n<p class=\"p1\"><span class=\"s1\">O setor de servi\u00e7os deve aumentar 1,9%, enquanto a agropecu\u00e1ria deve se recuperar da queda prevista para 2024, crescendo 4,2% no ano que vem.<\/span><\/p>\n<p><strong>Importa\u00e7\u00f5es\u00a0e exporta\u00e7\u00f5es<\/strong><\/p>\n<p class=\"p1\"><span class=\"s1\">No que diz respeito ao setor externo, as importa\u00e7\u00f5es devem seguir em alta em 2025, mas em ritmo bem mais lento ao de 2024, prev\u00ea a CNI, sobretudo pela desvaloriza\u00e7\u00e3o do real e crescimento menor do PIB. As exporta\u00e7\u00f5es devem melhorar, entre outras coisas, por causa da recupera\u00e7\u00e3o da agropecu\u00e1ria.<\/span><\/p>\n<p><strong>Pessimismo como alerta\u00a0<\/strong><\/p>\n<p class=\"p1\"><span class=\"s1\"> \u201cO cen\u00e1rio para 2025 \u00e9 pessimista. Espero que possamos estar errados e que a economia surpreenda como ocorreu este ano. Mas que essas proje\u00e7\u00f5es sirvam de alerta para aqueles que conduzem a pol\u00edtica econ\u00f4mica e monet\u00e1ria do pa\u00eds\u201d, comentou o presidente da CNI, Ricardo Alban, durante a apresenta\u00e7\u00e3o do relat\u00f3rio, ontem, na sede da CNI, em Bras\u00edlia.<\/span><\/p>\n","protected":false},"excerpt":{"rendered":"<p>Por Samanta Sallum\u00a0 Devido \u00e0 redu\u00e7\u00e3o do crescimento da demanda interna, a ind\u00fastria deve crescer 2,1% no ano que vem. A ind\u00fastria de transforma\u00e7\u00e3o tende a subir 2%. Se a expectativa se confirmar, ser\u00e3o dois anos consecutivos de alta do setor, o que n\u00e3o ocorre desde o bi\u00eanio 2017-2018. \u00a0Os dados s\u00e3o do\u00a0relat\u00f3rio Economia Brasileira 2024-2025, da Confedera\u00e7\u00e3o Nacional da [&hellip;]<\/p>\n","protected":false},"author":125,"featured_media":17981,"comment_status":"open","ping_status":"open","sticky":false,"template":"","format":"standard","meta":{"footnotes":""},"categories":[6],"tags":[276,724,64],"class_list":["post-17976","post","type-post","status-publish","format-standard","has-post-thumbnail","hentry","category-coluna-capital-s-a","tag-economia","tag-projecoes","tag-cni"],"_links":{"self":[{"href":"https:\/\/blogs.correiobraziliense.com.br\/capital-sa\/wp-json\/wp\/v2\/posts\/17976","targetHints":{"allow":["GET"]}}],"collection":[{"href":"https:\/\/blogs.correiobraziliense.com.br\/capital-sa\/wp-json\/wp\/v2\/posts"}],"about":[{"href":"https:\/\/blogs.correiobraziliense.com.br\/capital-sa\/wp-json\/wp\/v2\/types\/post"}],"author":[{"embeddable":true,"href":"https:\/\/blogs.correiobraziliense.com.br\/capital-sa\/wp-json\/wp\/v2\/users\/125"}],"replies":[{"embeddable":true,"href":"https:\/\/blogs.correiobraziliense.com.br\/capital-sa\/wp-json\/wp\/v2\/comments?post=17976"}],"version-history":[{"count":11,"href":"https:\/\/blogs.correiobraziliense.com.br\/capital-sa\/wp-json\/wp\/v2\/posts\/17976\/revisions"}],"predecessor-version":[{"id":17990,"href":"https:\/\/blogs.correiobraziliense.com.br\/capital-sa\/wp-json\/wp\/v2\/posts\/17976\/revisions\/17990"}],"wp:featuredmedia":[{"embeddable":true,"href":"https:\/\/blogs.correiobraziliense.com.br\/capital-sa\/wp-json\/wp\/v2\/media\/17981"}],"wp:attachment":[{"href":"https:\/\/blogs.correiobraziliense.com.br\/capital-sa\/wp-json\/wp\/v2\/media?parent=17976"}],"wp:term":[{"taxonomy":"category","embeddable":true,"href":"https:\/\/blogs.correiobraziliense.com.br\/capital-sa\/wp-json\/wp\/v2\/categories?post=17976"},{"taxonomy":"post_tag","embeddable":true,"href":"https:\/\/blogs.correiobraziliense.com.br\/capital-sa\/wp-json\/wp\/v2\/tags?post=17976"}],"curies":[{"name":"wp","href":"https:\/\/api.w.org\/{rel}","templated":true}]}}