{"id":17939,"date":"2024-12-17T12:05:01","date_gmt":"2024-12-17T15:05:01","guid":{"rendered":"https:\/\/blogs.correiobraziliense.com.br\/capital-sa\/?p=17939"},"modified":"2024-12-18T10:56:45","modified_gmt":"2024-12-18T13:56:45","slug":"projetos-de-intervencao-urbana-nas-regioes-administrativas-abrirao-espaco-para-comercio","status":"publish","type":"post","link":"https:\/\/blogs.correiobraziliense.com.br\/capital-sa\/2024\/12\/17\/projetos-de-intervencao-urbana-nas-regioes-administrativas-abrirao-espaco-para-comercio\/","title":{"rendered":"Projetos de interven\u00e7\u00e3o urbana nas regi\u00f5es administrativas abrir\u00e3o espa\u00e7o para com\u00e9rcio"},"content":{"rendered":"<p><em>Dois j\u00e1 est\u00e3o prontos, os do Lago Sul e de Santa Maria, para serem votados na C\u00e2mara Legislativa em 2025\u00a0<\/em><\/p>\n<p class=\"p1\"><strong>Por Samanta Sallum\u00a0<\/strong><\/p>\n<p class=\"p1\"><span class=\"s1\">Passadas as aprova\u00e7\u00f5es da Luos (Lei de Uso e Ocupa\u00e7\u00e3o do Solo) e do PPCUB (Plano de Preserva\u00e7\u00e3o do Conjunto Urban\u00edstico de Bras\u00edlia) o Governo do Distrito Federal est\u00e1 concluindo os planos de interven\u00e7\u00e3o urbana das regi\u00f5es administrativas. A medida \u00e9 um desdobramento das leis j\u00e1 aprovadas. Mas ser\u00e1<span class=\"Apple-converted-space\">\u00a0<\/span>necess\u00e1rio que outros projetos, com as especificidades de cada cidade, passem pela C\u00e2mara Legislativa. Dois j\u00e1 est\u00e3o prontos, os do Lago Sul e de Santa Maria. Foram aprovados, na semana passada, pelo Conplan.<br \/>\n<\/span><\/p>\n<p class=\"p1\"><span class=\"s1\">Em ambos, os planos preveem a dinamiza\u00e7\u00e3o de lotes ociosos, destinados originalmente para uso instrucional do setor privado, como estabelecimentos de ensino e de sa\u00fade. A proposta \u00e9 que outras atividades econ\u00f4micas de pequeno porte possam se instalar nessas \u00e1reas.<\/span><\/p>\n<p class=\"p1\"><span class=\"s1\"> No caso de Santa Maria, na principal avenida da cidade, a Alagados, h\u00e1 diversos lotes nessa situa\u00e7\u00e3o. Nas duas regi\u00f5es, tamb\u00e9m se detectou a necessidade de melhorias vi\u00e1rias e mais estacionamentos. Os projetos de lei ser\u00e3o<span class=\"Apple-converted-space\">\u00a0<\/span>enviados ainda neste ano \u00e0 C\u00e2mara, para serem votados no in\u00edcio de 2025. Os pr\u00f3ximos ser\u00e3o das regi\u00f5es do SIA e do Guar\u00e1.\u00a0<\/span><\/p>\n<p><strong><span class=\"s1\">PDOT na pauta de 2025<\/span><\/strong><\/p>\n<blockquote><p>\u201cFoi um ano muito desafiador, com a aprova\u00e7\u00e3o do PPCUB. Superamos o processo de debate junto com todos os segmentos da sociedade. E vamos aproveitar essa experi\u00eancia para termos um amadurecimento do PDOT\u00a0<span class=\"s1\">(Plano Diretor de Ordenamento Territorial)<\/span> ainda mais eficiente em 2025\u201d, avaliou a secret\u00e1rio de Desenvolvimento Urbano do DF , Marcelo Vaz.<\/p><\/blockquote>\n<p class=\"p1\"><span class=\"s1\">O PDOT est\u00e1 em fase avan\u00e7ada. A Seduh j\u00e1 percorreu todas as administra\u00e7\u00f5es regionais para a fase de diagn\u00f3stico. E agora est\u00e1 na de apresenta\u00e7\u00e3o das propostas por parte da comunidade. A previs\u00e3o \u00e9 que o projeto de lei, de iniciativa do GDF, seja levado ao Conplan e \u00e0 C\u00e2mara Legislativa j\u00e1 no 1\u00ba semestre de 2025.<\/span><\/p>\n","protected":false},"excerpt":{"rendered":"<p>Dois j\u00e1 est\u00e3o prontos, os do Lago Sul e de Santa Maria, para serem votados na C\u00e2mara Legislativa em 2025\u00a0 Por Samanta Sallum\u00a0 Passadas as aprova\u00e7\u00f5es da Luos (Lei de Uso e Ocupa\u00e7\u00e3o do Solo) e do PPCUB (Plano de Preserva\u00e7\u00e3o do Conjunto Urban\u00edstico de Bras\u00edlia) o Governo do Distrito Federal est\u00e1 concluindo os planos de interven\u00e7\u00e3o urbana das regi\u00f5es [&hellip;]<\/p>\n","protected":false},"author":125,"featured_media":17943,"comment_status":"open","ping_status":"open","sticky":false,"template":"","format":"standard","meta":{"footnotes":""},"categories":[6],"tags":[2631,639,1054,1799],"class_list":["post-17939","post","type-post","status-publish","format-standard","has-post-thumbnail","hentry","category-coluna-capital-s-a","tag-intervencaourbana","tag-pdot","tag-seduh","tag-conplan"],"_links":{"self":[{"href":"https:\/\/blogs.correiobraziliense.com.br\/capital-sa\/wp-json\/wp\/v2\/posts\/17939","targetHints":{"allow":["GET"]}}],"collection":[{"href":"https:\/\/blogs.correiobraziliense.com.br\/capital-sa\/wp-json\/wp\/v2\/posts"}],"about":[{"href":"https:\/\/blogs.correiobraziliense.com.br\/capital-sa\/wp-json\/wp\/v2\/types\/post"}],"author":[{"embeddable":true,"href":"https:\/\/blogs.correiobraziliense.com.br\/capital-sa\/wp-json\/wp\/v2\/users\/125"}],"replies":[{"embeddable":true,"href":"https:\/\/blogs.correiobraziliense.com.br\/capital-sa\/wp-json\/wp\/v2\/comments?post=17939"}],"version-history":[{"count":6,"href":"https:\/\/blogs.correiobraziliense.com.br\/capital-sa\/wp-json\/wp\/v2\/posts\/17939\/revisions"}],"predecessor-version":[{"id":17974,"href":"https:\/\/blogs.correiobraziliense.com.br\/capital-sa\/wp-json\/wp\/v2\/posts\/17939\/revisions\/17974"}],"wp:featuredmedia":[{"embeddable":true,"href":"https:\/\/blogs.correiobraziliense.com.br\/capital-sa\/wp-json\/wp\/v2\/media\/17943"}],"wp:attachment":[{"href":"https:\/\/blogs.correiobraziliense.com.br\/capital-sa\/wp-json\/wp\/v2\/media?parent=17939"}],"wp:term":[{"taxonomy":"category","embeddable":true,"href":"https:\/\/blogs.correiobraziliense.com.br\/capital-sa\/wp-json\/wp\/v2\/categories?post=17939"},{"taxonomy":"post_tag","embeddable":true,"href":"https:\/\/blogs.correiobraziliense.com.br\/capital-sa\/wp-json\/wp\/v2\/tags?post=17939"}],"curies":[{"name":"wp","href":"https:\/\/api.w.org\/{rel}","templated":true}]}}