{"id":17912,"date":"2024-12-16T14:48:30","date_gmt":"2024-12-16T17:48:30","guid":{"rendered":"https:\/\/blogs.correiobraziliense.com.br\/capital-sa\/?p=17912"},"modified":"2024-12-16T15:05:40","modified_gmt":"2024-12-16T18:05:40","slug":"feira-da-torre-de-tv-passara-por-grande-reforma","status":"publish","type":"post","link":"https:\/\/blogs.correiobraziliense.com.br\/capital-sa\/2024\/12\/16\/feira-da-torre-de-tv-passara-por-grande-reforma\/","title":{"rendered":"Feira da Torre de TV passar\u00e1 por grande reforma"},"content":{"rendered":"<div><strong><span style=\"font-size: large\">Por Samanta Sallum\u00a0<\/span><\/strong><\/div>\n<div><span style=\"font-size: large\">\u00a0<\/span><\/div>\n<div>\n<p><span style=\"font-size: large\">O governador Ibaneis Rocha criou um Grupo de Trabalho (GT) para cuidar do projeto de revitaliza\u00e7\u00e3o da Feira da Torre de TV. Fazem parte a secretaria de Governo, a secretaria de Desenvolvimento Urbano e a administra\u00e7\u00e3o regional do Plano Piloto. A previs\u00e3o \u00e9 investir at\u00e9 R$ 10 milh\u00f5es, com as obras come\u00e7ando em abril do pr\u00f3ximo ano.<\/span><\/p>\n<p>&nbsp;<\/p>\n<\/div>\n<div><\/div>\n<div><\/div>\n<div>\n<p><span style=\"font-size: large\">&#8220;Esse \u00e9 o \u00fanico espa\u00e7o no Eixo Monumental que n\u00e3o tinha passado ainda por uma reforma no nosso governo. Teremos um projeto arquitet\u00f4nico novo e outras benfeitorias para deixar o local mais atraente para os visitantes e mais eficiente para os feirantes&#8221;, adiantou o secret\u00e1rio Jos\u00e9 Humberto.<\/span><\/p>\n<p>&nbsp;<\/p>\n<\/div>\n<div><img loading=\"lazy\" decoding=\"async\" class=\"aligncenter size-medium wp-image-17918\" src=\"https:\/\/blogs.correiobraziliense.com.br\/capital-sa\/wp-content\/uploads\/sites\/59\/2024\/12\/1DFBAEA4-8620-4A5C-A325-3C5B424487DD-300x200.jpeg\" alt=\"\" width=\"300\" height=\"200\" srcset=\"https:\/\/blogs.correiobraziliense.com.br\/capital-sa\/wp-content\/uploads\/sites\/59\/2024\/12\/1DFBAEA4-8620-4A5C-A325-3C5B424487DD-300x200.jpeg 300w, https:\/\/blogs.correiobraziliense.com.br\/capital-sa\/wp-content\/uploads\/sites\/59\/2024\/12\/1DFBAEA4-8620-4A5C-A325-3C5B424487DD-550x367.jpeg 550w, https:\/\/blogs.correiobraziliense.com.br\/capital-sa\/wp-content\/uploads\/sites\/59\/2024\/12\/1DFBAEA4-8620-4A5C-A325-3C5B424487DD-230x153.jpeg 230w, https:\/\/blogs.correiobraziliense.com.br\/capital-sa\/wp-content\/uploads\/sites\/59\/2024\/12\/1DFBAEA4-8620-4A5C-A325-3C5B424487DD.jpeg 678w\" sizes=\"auto, (max-width: 300px) 100vw, 300px\" \/><\/div>\n<div><\/div>\n<div><span style=\"font-size: large\">Ele explicou ainda que ser\u00e1 poss\u00edvel, durante a reforma, que os feirantes continuem trabalhando. Em janeiro, ser\u00e3o realizadas reuni\u00f5es com eles para tratar do calend\u00e1rio. Os boxes que n\u00e3o est\u00e3o ocupados passar\u00e3o por licita\u00e7\u00e3o para escolha de novos permission\u00e1rios.<\/span><\/div>\n","protected":false},"excerpt":{"rendered":"<p>Por Samanta Sallum\u00a0 \u00a0 O governador Ibaneis Rocha criou um Grupo de Trabalho (GT) para cuidar do projeto de revitaliza\u00e7\u00e3o da Feira da Torre de TV. Fazem parte a secretaria de Governo, a secretaria de Desenvolvimento Urbano e a administra\u00e7\u00e3o regional do Plano Piloto. A previs\u00e3o \u00e9 investir at\u00e9 R$ 10 milh\u00f5es, com as obras come\u00e7ando em abril do pr\u00f3ximo [&hellip;]<\/p>\n","protected":false},"author":125,"featured_media":17917,"comment_status":"open","ping_status":"open","sticky":false,"template":"","format":"standard","meta":{"footnotes":""},"categories":[6],"tags":[2629,2628,656],"class_list":["post-17912","post","type-post","status-publish","format-standard","has-post-thumbnail","hentry","category-coluna-capital-s-a","tag-benfeitorias","tag-feiradatorredetv","tag-reforma"],"_links":{"self":[{"href":"https:\/\/blogs.correiobraziliense.com.br\/capital-sa\/wp-json\/wp\/v2\/posts\/17912","targetHints":{"allow":["GET"]}}],"collection":[{"href":"https:\/\/blogs.correiobraziliense.com.br\/capital-sa\/wp-json\/wp\/v2\/posts"}],"about":[{"href":"https:\/\/blogs.correiobraziliense.com.br\/capital-sa\/wp-json\/wp\/v2\/types\/post"}],"author":[{"embeddable":true,"href":"https:\/\/blogs.correiobraziliense.com.br\/capital-sa\/wp-json\/wp\/v2\/users\/125"}],"replies":[{"embeddable":true,"href":"https:\/\/blogs.correiobraziliense.com.br\/capital-sa\/wp-json\/wp\/v2\/comments?post=17912"}],"version-history":[{"count":8,"href":"https:\/\/blogs.correiobraziliense.com.br\/capital-sa\/wp-json\/wp\/v2\/posts\/17912\/revisions"}],"predecessor-version":[{"id":17922,"href":"https:\/\/blogs.correiobraziliense.com.br\/capital-sa\/wp-json\/wp\/v2\/posts\/17912\/revisions\/17922"}],"wp:featuredmedia":[{"embeddable":true,"href":"https:\/\/blogs.correiobraziliense.com.br\/capital-sa\/wp-json\/wp\/v2\/media\/17917"}],"wp:attachment":[{"href":"https:\/\/blogs.correiobraziliense.com.br\/capital-sa\/wp-json\/wp\/v2\/media?parent=17912"}],"wp:term":[{"taxonomy":"category","embeddable":true,"href":"https:\/\/blogs.correiobraziliense.com.br\/capital-sa\/wp-json\/wp\/v2\/categories?post=17912"},{"taxonomy":"post_tag","embeddable":true,"href":"https:\/\/blogs.correiobraziliense.com.br\/capital-sa\/wp-json\/wp\/v2\/tags?post=17912"}],"curies":[{"name":"wp","href":"https:\/\/api.w.org\/{rel}","templated":true}]}}