{"id":17894,"date":"2024-12-12T17:14:14","date_gmt":"2024-12-12T20:14:14","guid":{"rendered":"https:\/\/blogs.correiobraziliense.com.br\/capital-sa\/?p=17894"},"modified":"2024-12-12T17:56:53","modified_gmt":"2024-12-12T20:56:53","slug":"pl-vota-contra-reforma-tributaria-no-senado","status":"publish","type":"post","link":"https:\/\/blogs.correiobraziliense.com.br\/capital-sa\/2024\/12\/12\/pl-vota-contra-reforma-tributaria-no-senado\/","title":{"rendered":"PL vota contra Reforma Tribut\u00e1ria no Senado"},"content":{"rendered":"<p><em>Texto base do PLP 68\/2024 foi aprovado em plen\u00e1rio. Veja como os partidos se posicionaram<\/em><\/p>\n<p><strong>Por Samanta Sallum\u00a0<\/strong><\/p>\n<p class=\"p1\"><span class=\"s1\">O projeto de lei que regulamenta a Reforma Tribut\u00e1ria acaba de ser aprovado no plen\u00e1rio do Senado. Foram 49 votos a favor e 19 contra.<span class=\"Apple-converted-space\">\u00a0<\/span>Foi aprovado o texto-base do PLP 68\/2024 conforme relat\u00f3rio da CCJ do senador Eduardo Braga (MDB-AM). As bancadas do PL e do Novo foram contra. Agora, ser\u00e3o apreciados os destaques.<\/span><\/p>\n<p>Da bancada do DF, Izalci Lucas (PL) e Damares Alves (Republicanos) votaram contra. Leila Barros (PDT), a favor.<\/p>\n<p>Alguns partidos ficaram divididos. O senador S\u00e9rgio Moro, do Uni\u00e3o Brasil\/PR, votou a favor junto da maioria de bancada. Mas M\u00e1rcio Bittar do Acre foi contra. O mesmo ocorreu no Podemos, apenas um votou desfavor\u00e1vel: Marcos do Val.<\/p>\n<p>Veja como os partidos se posicionaram.<\/p>\n<p class=\"p1\"><span class=\"s2\">\u25aa\ufe0f<\/span><span class=\"s1\">Orienta\u00e7\u00f5es de bancada<\/span><\/p>\n<p class=\"p1\"><span class=\"s1\">PSD: sim <\/span><\/p>\n<p class=\"p1\"><span class=\"s1\">MDB: sim<\/span><\/p>\n<p class=\"p1\"><span class=\"s1\">PP: sim<\/span><\/p>\n<p class=\"p1\"><span class=\"s1\">PSB: sim<\/span><\/p>\n<p class=\"p1\"><span class=\"s1\">PDT: sim<\/span><\/p>\n<p class=\"p1\"><span class=\"s1\">Governo: sim<\/span><\/p>\n<p class=\"p1\"><span class=\"s1\">REPUBLICANOS: liberou<\/span><\/p>\n<p class=\"p1\"><span class=\"s1\">PODEMOS: liberou<\/span><\/p>\n<p class=\"p1\"><span class=\"s1\">Bancada feminina: liberou<\/span><\/p>\n<p class=\"p1\"><span class=\"s1\">PL: n\u00e3o<\/span><\/p>\n<p class=\"p1\"><span class=\"s1\">NOVO: n\u00e3o <\/span><\/p>\n<p class=\"p1\"><span class=\"s1\">Oposi\u00e7\u00e3o: n\u00e3o<\/span><\/p>\n<p class=\"p1\"><span class=\"s1\">Minoria: n\u00e3o<\/span><\/p>\n<p><img loading=\"lazy\" decoding=\"async\" class=\"aligncenter size-medium wp-image-17904\" src=\"https:\/\/blogs.correiobraziliense.com.br\/capital-sa\/wp-content\/uploads\/sites\/59\/2024\/12\/492A6B9E-CB99-4CD6-8552-71EBD64717F7-300x143.jpeg\" alt=\"\" width=\"300\" height=\"143\" srcset=\"https:\/\/blogs.correiobraziliense.com.br\/capital-sa\/wp-content\/uploads\/sites\/59\/2024\/12\/492A6B9E-CB99-4CD6-8552-71EBD64717F7-300x143.jpeg 300w, https:\/\/blogs.correiobraziliense.com.br\/capital-sa\/wp-content\/uploads\/sites\/59\/2024\/12\/492A6B9E-CB99-4CD6-8552-71EBD64717F7-768x367.jpeg 768w, https:\/\/blogs.correiobraziliense.com.br\/capital-sa\/wp-content\/uploads\/sites\/59\/2024\/12\/492A6B9E-CB99-4CD6-8552-71EBD64717F7-1024x490.jpeg 1024w, https:\/\/blogs.correiobraziliense.com.br\/capital-sa\/wp-content\/uploads\/sites\/59\/2024\/12\/492A6B9E-CB99-4CD6-8552-71EBD64717F7-1440x689.jpeg 1440w, https:\/\/blogs.correiobraziliense.com.br\/capital-sa\/wp-content\/uploads\/sites\/59\/2024\/12\/492A6B9E-CB99-4CD6-8552-71EBD64717F7-800x383.jpeg 800w, https:\/\/blogs.correiobraziliense.com.br\/capital-sa\/wp-content\/uploads\/sites\/59\/2024\/12\/492A6B9E-CB99-4CD6-8552-71EBD64717F7-550x263.jpeg 550w, https:\/\/blogs.correiobraziliense.com.br\/capital-sa\/wp-content\/uploads\/sites\/59\/2024\/12\/492A6B9E-CB99-4CD6-8552-71EBD64717F7-230x110.jpeg 230w, https:\/\/blogs.correiobraziliense.com.br\/capital-sa\/wp-content\/uploads\/sites\/59\/2024\/12\/492A6B9E-CB99-4CD6-8552-71EBD64717F7.jpeg 1600w\" sizes=\"auto, (max-width: 300px) 100vw, 300px\" \/><\/p>\n","protected":false},"excerpt":{"rendered":"<p>Texto base do PLP 68\/2024 foi aprovado em plen\u00e1rio. Veja como os partidos se posicionaram Por Samanta Sallum\u00a0 O projeto de lei que regulamenta a Reforma Tribut\u00e1ria acaba de ser aprovado no plen\u00e1rio do Senado. Foram 49 votos a favor e 19 contra.\u00a0Foi aprovado o texto-base do PLP 68\/2024 conforme relat\u00f3rio da CCJ do senador Eduardo Braga (MDB-AM). As bancadas [&hellip;]<\/p>\n","protected":false},"author":125,"featured_media":17900,"comment_status":"open","ping_status":"open","sticky":false,"template":"","format":"standard","meta":{"footnotes":""},"categories":[6],"tags":[629,625],"class_list":["post-17894","post","type-post","status-publish","format-standard","has-post-thumbnail","hentry","category-coluna-capital-s-a","tag-reformatributaria","tag-votacao"],"_links":{"self":[{"href":"https:\/\/blogs.correiobraziliense.com.br\/capital-sa\/wp-json\/wp\/v2\/posts\/17894","targetHints":{"allow":["GET"]}}],"collection":[{"href":"https:\/\/blogs.correiobraziliense.com.br\/capital-sa\/wp-json\/wp\/v2\/posts"}],"about":[{"href":"https:\/\/blogs.correiobraziliense.com.br\/capital-sa\/wp-json\/wp\/v2\/types\/post"}],"author":[{"embeddable":true,"href":"https:\/\/blogs.correiobraziliense.com.br\/capital-sa\/wp-json\/wp\/v2\/users\/125"}],"replies":[{"embeddable":true,"href":"https:\/\/blogs.correiobraziliense.com.br\/capital-sa\/wp-json\/wp\/v2\/comments?post=17894"}],"version-history":[{"count":15,"href":"https:\/\/blogs.correiobraziliense.com.br\/capital-sa\/wp-json\/wp\/v2\/posts\/17894\/revisions"}],"predecessor-version":[{"id":17911,"href":"https:\/\/blogs.correiobraziliense.com.br\/capital-sa\/wp-json\/wp\/v2\/posts\/17894\/revisions\/17911"}],"wp:featuredmedia":[{"embeddable":true,"href":"https:\/\/blogs.correiobraziliense.com.br\/capital-sa\/wp-json\/wp\/v2\/media\/17900"}],"wp:attachment":[{"href":"https:\/\/blogs.correiobraziliense.com.br\/capital-sa\/wp-json\/wp\/v2\/media?parent=17894"}],"wp:term":[{"taxonomy":"category","embeddable":true,"href":"https:\/\/blogs.correiobraziliense.com.br\/capital-sa\/wp-json\/wp\/v2\/categories?post=17894"},{"taxonomy":"post_tag","embeddable":true,"href":"https:\/\/blogs.correiobraziliense.com.br\/capital-sa\/wp-json\/wp\/v2\/tags?post=17894"}],"curies":[{"name":"wp","href":"https:\/\/api.w.org\/{rel}","templated":true}]}}