{"id":17888,"date":"2024-12-10T17:00:13","date_gmt":"2024-12-10T20:00:13","guid":{"rendered":"https:\/\/blogs.correiobraziliense.com.br\/capital-sa\/?p=17888"},"modified":"2024-12-11T14:48:53","modified_gmt":"2024-12-11T17:48:53","slug":"mercado-imobiliario-consegue-alterar-redutor-de-aliquota-tributaria","status":"publish","type":"post","link":"https:\/\/blogs.correiobraziliense.com.br\/capital-sa\/2024\/12\/10\/mercado-imobiliario-consegue-alterar-redutor-de-aliquota-tributaria\/","title":{"rendered":"Mercado imobili\u00e1rio consegue alterar redutor de al\u00edquota tribut\u00e1ria"},"content":{"rendered":"<p class=\"p1\" style=\"text-align: left\"><em>Texto de regulamenta\u00e7\u00e3o da reforma tribut\u00e1ria, que vai ao plen\u00e1rio do Senado, amplia desonera\u00e7\u00e3o para 50% na constru\u00e7\u00e3o e 70% no setor de loca\u00e7\u00e3o<\/em><\/p>\n<p><strong>Por Samanta Sallum\u00a0<\/strong><\/p>\n<p class=\"p1\"><span class=\"s1\">A C\u00e2mara Brasileira da Ind\u00fastria da Constru\u00e7\u00e3o (CBIC) reconheceu que o relat\u00f3rio do senador Eduardo Braga (MDB-AM) ao Projeto de Lei Complementar (PLP) 68\/2024, apresentado na CCJ do Senado Federal traz avan\u00e7os ao texto. &#8220;Eles s\u00e3o importantes para buscar a neutralidade tribut\u00e1ria da constru\u00e7\u00e3o&#8221;, afirmou a entidade.<\/span><\/p>\n<p class=\"p1\"><span class=\"s1\">Entre os pontos mais importantes, foi contemplada a ado\u00e7\u00e3o de um regime de transi\u00e7\u00e3o.<span class=\"Apple-converted-space\">\u00a0<\/span>E houve a revis\u00e3o do redutor de al\u00edquota fixado, agora, em 50% para a constru\u00e7\u00e3o e o mercado imobili\u00e1rio, e em 70% para o setor de loca\u00e7\u00e3o.<\/span><\/p>\n<p class=\"p1\"><span class=\"s1\">&#8220;O novo redutor equaliza melhor o impacto da reforma, tornando poss\u00edvel um menor ajuste nos pre\u00e7os ao consumidor, especialmente para a aquisi\u00e7\u00e3o de im\u00f3veis e aluguel&#8221;, aponta a CBIC.<\/span><\/p>\n<p>Renato Correia, presidente da entidade, refor\u00e7a: &#8220;Desde o in\u00edcio dessa discuss\u00e3o, esclarecemos a import\u00e2ncia de estabelecermos a neutralidade tribut\u00e1ria, de forma que n\u00e3o houvesse aumento da carga atual e, consequentemente, dos pre\u00e7os dos im\u00f3veis&#8221;.<\/p>\n","protected":false},"excerpt":{"rendered":"<p>Texto de regulamenta\u00e7\u00e3o da reforma tribut\u00e1ria, que vai ao plen\u00e1rio do Senado, amplia desonera\u00e7\u00e3o para 50% na constru\u00e7\u00e3o e 70% no setor de loca\u00e7\u00e3o Por Samanta Sallum\u00a0 A C\u00e2mara Brasileira da Ind\u00fastria da Constru\u00e7\u00e3o (CBIC) reconheceu que o relat\u00f3rio do senador Eduardo Braga (MDB-AM) ao Projeto de Lei Complementar (PLP) 68\/2024, apresentado na CCJ do Senado Federal traz avan\u00e7os ao [&hellip;]<\/p>\n","protected":false},"author":125,"featured_media":17891,"comment_status":"open","ping_status":"open","sticky":false,"template":"","format":"standard","meta":{"footnotes":""},"categories":[6],"tags":[2420,410,2626,629],"class_list":["post-17888","post","type-post","status-publish","format-standard","has-post-thumbnail","hentry","category-coluna-capital-s-a","tag-cbic","tag-imoveis","tag-neutralidadetributaria","tag-reformatributaria"],"_links":{"self":[{"href":"https:\/\/blogs.correiobraziliense.com.br\/capital-sa\/wp-json\/wp\/v2\/posts\/17888","targetHints":{"allow":["GET"]}}],"collection":[{"href":"https:\/\/blogs.correiobraziliense.com.br\/capital-sa\/wp-json\/wp\/v2\/posts"}],"about":[{"href":"https:\/\/blogs.correiobraziliense.com.br\/capital-sa\/wp-json\/wp\/v2\/types\/post"}],"author":[{"embeddable":true,"href":"https:\/\/blogs.correiobraziliense.com.br\/capital-sa\/wp-json\/wp\/v2\/users\/125"}],"replies":[{"embeddable":true,"href":"https:\/\/blogs.correiobraziliense.com.br\/capital-sa\/wp-json\/wp\/v2\/comments?post=17888"}],"version-history":[{"count":4,"href":"https:\/\/blogs.correiobraziliense.com.br\/capital-sa\/wp-json\/wp\/v2\/posts\/17888\/revisions"}],"predecessor-version":[{"id":17893,"href":"https:\/\/blogs.correiobraziliense.com.br\/capital-sa\/wp-json\/wp\/v2\/posts\/17888\/revisions\/17893"}],"wp:featuredmedia":[{"embeddable":true,"href":"https:\/\/blogs.correiobraziliense.com.br\/capital-sa\/wp-json\/wp\/v2\/media\/17891"}],"wp:attachment":[{"href":"https:\/\/blogs.correiobraziliense.com.br\/capital-sa\/wp-json\/wp\/v2\/media?parent=17888"}],"wp:term":[{"taxonomy":"category","embeddable":true,"href":"https:\/\/blogs.correiobraziliense.com.br\/capital-sa\/wp-json\/wp\/v2\/categories?post=17888"},{"taxonomy":"post_tag","embeddable":true,"href":"https:\/\/blogs.correiobraziliense.com.br\/capital-sa\/wp-json\/wp\/v2\/tags?post=17888"}],"curies":[{"name":"wp","href":"https:\/\/api.w.org\/{rel}","templated":true}]}}