{"id":17863,"date":"2024-12-10T09:07:56","date_gmt":"2024-12-10T12:07:56","guid":{"rendered":"https:\/\/blogs.correiobraziliense.com.br\/capital-sa\/?p=17863"},"modified":"2024-12-10T10:47:27","modified_gmt":"2024-12-10T13:47:27","slug":"sebrae-promove-mutirao-de-credito-na-esplanada","status":"publish","type":"post","link":"https:\/\/blogs.correiobraziliense.com.br\/capital-sa\/2024\/12\/10\/sebrae-promove-mutirao-de-credito-na-esplanada\/","title":{"rendered":"Sebrae promove mutir\u00e3o de cr\u00e9dito na Esplanada"},"content":{"rendered":"<p><em><span class=\"s1\">O ex-jogador de futebol Ra\u00ed participar\u00e1 amanh\u00e3 da programa\u00e7\u00e3o com palestra sobre lideran\u00e7a e resili\u00eancia para empreendedores\u00a0<\/span><\/em><\/p>\n<p class=\"p1\"><strong>Por Samanta Sallum\u00a0<\/strong><\/p>\n<p class=\"p1\">Come\u00e7ou ontem o Mutir\u00e3o de Cr\u00e9dito do programa Acredita, promovido pelo Sebrae em parceria com institui\u00e7\u00f5es financeiras. O espa\u00e7o na Esplanada dos Minist\u00e9rios, pr\u00f3ximo ao Sesi Lab, oferece servi\u00e7os de acesso a empr\u00e9stimos \u2013 com condi\u00e7\u00f5es diferenciadas \u2013 e de renegocia\u00e7\u00e3o de d\u00edvidas.\u00a0A programa\u00e7\u00e3o vai at\u00e9 quarta-feira (11), das 9h \u00e0s 17h. Somente ontem, foram realizados 500 atendimentos.<\/p>\n<p class=\"p1\">A iniciativa pretende impulsionar o empreendedorismo e ampliar o acesso dos pequenos neg\u00f3cios a cr\u00e9dito no pa\u00eds. \u201cQuando n\u00f3s juntamos todas as entidades financeiras, h\u00e1 uma disputa entre eles pra ver qual \u00e9 o juro mais barato. Mutir\u00e3o na rua \u00e9 inclus\u00e3o de milh\u00f5es de homens e mulheres que precisam ter oportunidade no mercado para construir seu pr\u00f3prio neg\u00f3cio\u201d, refor\u00e7ou o presidente do Sebrae, D\u00e9cio Lima.<\/p>\n<p>Al\u00e9m do presidente de D\u00e9cio, participaram da abertura do mutir\u00e3o o presidente da ABDI, Ricardo Cappelli; e Valdir Oliveira, Gerente do Fundo de Aval do Sebrae.<\/p>\n<p class=\"p1\"><span class=\"s1\">O ex-jogador de futebol Ra\u00ed de Oliveira vai compartilhar sua trajet\u00f3ria no esporte, destacando como a lideran\u00e7a e a resili\u00eancia, aprendidas nos gramados, s\u00e3o fundamentais para empreendedores superarem os desafios di\u00e1rios. Ele \u00e9 o embaixador do programa Acredita\u00a0<\/span>e estar\u00e1 especialmente em Bras\u00edlia amanh\u00e3 para uma palestra na tenda do mutir\u00e3o do Sebrae.<\/p>\n","protected":false},"excerpt":{"rendered":"<p>O ex-jogador de futebol Ra\u00ed participar\u00e1 amanh\u00e3 da programa\u00e7\u00e3o com palestra sobre lideran\u00e7a e resili\u00eancia para empreendedores\u00a0 Por Samanta Sallum\u00a0 Come\u00e7ou ontem o Mutir\u00e3o de Cr\u00e9dito do programa Acredita, promovido pelo Sebrae em parceria com institui\u00e7\u00f5es financeiras. O espa\u00e7o na Esplanada dos Minist\u00e9rios, pr\u00f3ximo ao Sesi Lab, oferece servi\u00e7os de acesso a empr\u00e9stimos \u2013 com condi\u00e7\u00f5es diferenciadas \u2013 e de [&hellip;]<\/p>\n","protected":false},"author":125,"featured_media":17868,"comment_status":"open","ping_status":"open","sticky":false,"template":"","format":"standard","meta":{"footnotes":""},"categories":[6],"tags":[2623,2624,714,50],"class_list":["post-17863","post","type-post","status-publish","format-standard","has-post-thumbnail","hentry","category-coluna-capital-s-a","tag-mutirao","tag-programaacredita","tag-renegociacao","tag-sebrae"],"_links":{"self":[{"href":"https:\/\/blogs.correiobraziliense.com.br\/capital-sa\/wp-json\/wp\/v2\/posts\/17863","targetHints":{"allow":["GET"]}}],"collection":[{"href":"https:\/\/blogs.correiobraziliense.com.br\/capital-sa\/wp-json\/wp\/v2\/posts"}],"about":[{"href":"https:\/\/blogs.correiobraziliense.com.br\/capital-sa\/wp-json\/wp\/v2\/types\/post"}],"author":[{"embeddable":true,"href":"https:\/\/blogs.correiobraziliense.com.br\/capital-sa\/wp-json\/wp\/v2\/users\/125"}],"replies":[{"embeddable":true,"href":"https:\/\/blogs.correiobraziliense.com.br\/capital-sa\/wp-json\/wp\/v2\/comments?post=17863"}],"version-history":[{"count":7,"href":"https:\/\/blogs.correiobraziliense.com.br\/capital-sa\/wp-json\/wp\/v2\/posts\/17863\/revisions"}],"predecessor-version":[{"id":17885,"href":"https:\/\/blogs.correiobraziliense.com.br\/capital-sa\/wp-json\/wp\/v2\/posts\/17863\/revisions\/17885"}],"wp:featuredmedia":[{"embeddable":true,"href":"https:\/\/blogs.correiobraziliense.com.br\/capital-sa\/wp-json\/wp\/v2\/media\/17868"}],"wp:attachment":[{"href":"https:\/\/blogs.correiobraziliense.com.br\/capital-sa\/wp-json\/wp\/v2\/media?parent=17863"}],"wp:term":[{"taxonomy":"category","embeddable":true,"href":"https:\/\/blogs.correiobraziliense.com.br\/capital-sa\/wp-json\/wp\/v2\/categories?post=17863"},{"taxonomy":"post_tag","embeddable":true,"href":"https:\/\/blogs.correiobraziliense.com.br\/capital-sa\/wp-json\/wp\/v2\/tags?post=17863"}],"curies":[{"name":"wp","href":"https:\/\/api.w.org\/{rel}","templated":true}]}}