{"id":17844,"date":"2024-12-06T12:04:51","date_gmt":"2024-12-06T15:04:51","guid":{"rendered":"https:\/\/blogs.correiobraziliense.com.br\/capital-sa\/?p=17844"},"modified":"2024-12-08T22:17:58","modified_gmt":"2024-12-09T01:17:58","slug":"nova-lei-garante-permanencia-da-operacao-da-caesb-no-df","status":"publish","type":"post","link":"https:\/\/blogs.correiobraziliense.com.br\/capital-sa\/2024\/12\/06\/nova-lei-garante-permanencia-da-operacao-da-caesb-no-df\/","title":{"rendered":"Nova lei garante perman\u00eancia da opera\u00e7\u00e3o da Caesb no DF"},"content":{"rendered":"<p><em>No formato anterior, a concess\u00e3o, aprovada em 2002, se encerraria em 2032. E a empresa teria de disputar uma licita\u00e7\u00e3o p\u00fablica para continuar a atuar na capital federal\u00a0<\/em><\/p>\n<p class=\"p1\"><strong>Por Samanta Sallum\u00a0<\/strong><\/p>\n<p class=\"p1\"><span class=\"s1\">A C\u00e2mara Legislativa aprovou por unanimidade projeto de lei que refor\u00e7a a Companhia de Saneamento Ambiental do Distrito Federal (Caesb) como empresa p\u00fablica. A iniciativa, que partiu do GDF, altera a estrutura da companhia para garantir seguran\u00e7a jur\u00eddica. Uma das principais mudan\u00e7as \u00e9 o formato de concess\u00e3o para o de presta\u00e7\u00e3o de servi\u00e7os direta. Isso assegura a perman\u00eancia da Caesb como respons\u00e1vel pelos servi\u00e7os de saneamento b\u00e1sico e fornecimento de \u00e1gua. No formato anterior, a concess\u00e3o, aprovada em 2002, se encerraria em 2032. E a empresa teria de disputar uma licita\u00e7\u00e3o p\u00fablica para continuar a operar no DF.<\/span><\/p>\n<blockquote>\n<p class=\"p1\"><span class=\"s1\">\u201cO projeto nos d\u00e1 seguran\u00e7a, porque dispensa discuss\u00f5es sobre a necessidade de prorroga\u00e7\u00e3o ou mesmo de uma nova concess\u00e3o mediante licita\u00e7\u00e3o p\u00fablica\u201d,<span class=\"Apple-converted-space\">\u00a0explicou o\u00a0<\/span>presidente da Caesb, Lu\u00eds Ant\u00f4nio Reis.<\/span><\/p>\n<\/blockquote>\n<p class=\"p1\"><strong><span class=\"s1\">Autoriza\u00e7\u00e3o para produzir energia el\u00e9trica <\/span><\/strong><\/p>\n<p class=\"p1\"><span class=\"s1\">A nova legisla\u00e7\u00e3o tamb\u00e9m vai facilitar a moderniza\u00e7\u00e3o e a expans\u00e3o das opera\u00e7\u00f5es da empresa. A autoriza\u00e7\u00e3o para gerar e comercializar energia el\u00e9trica e g\u00e1s para consumo pr\u00f3prio, por exemplo, vai reduzir os custos da companhia. A conta chega a R$ 170 milh\u00f5es por ano pagos \u00e0 empresa Neonergia.\u00a0<\/span><\/p>\n<p class=\"p1\"><span class=\"s1\">&#8220;Atualmente, o alto consumo de energia necess\u00e1rio para a infraestrutura de saneamento faz com que esse seja um dos maiores gastos da empresa&#8221;, aponta Reis.<\/span><\/p>\n","protected":false},"excerpt":{"rendered":"<p>No formato anterior, a concess\u00e3o, aprovada em 2002, se encerraria em 2032. E a empresa teria de disputar uma licita\u00e7\u00e3o p\u00fablica para continuar a atuar na capital federal\u00a0 Por Samanta Sallum\u00a0 A C\u00e2mara Legislativa aprovou por unanimidade projeto de lei que refor\u00e7a a Companhia de Saneamento Ambiental do Distrito Federal (Caesb) como empresa p\u00fablica. A iniciativa, que partiu do GDF, [&hellip;]<\/p>\n","protected":false},"author":125,"featured_media":17849,"comment_status":"open","ping_status":"open","sticky":false,"template":"","format":"standard","meta":{"footnotes":""},"categories":[6],"tags":[2223,2506,203,2620],"class_list":["post-17844","post","type-post","status-publish","format-standard","has-post-thumbnail","hentry","category-coluna-capital-s-a","tag-caesb","tag-concessao","tag-gdf","tag-segurancajuridica"],"_links":{"self":[{"href":"https:\/\/blogs.correiobraziliense.com.br\/capital-sa\/wp-json\/wp\/v2\/posts\/17844","targetHints":{"allow":["GET"]}}],"collection":[{"href":"https:\/\/blogs.correiobraziliense.com.br\/capital-sa\/wp-json\/wp\/v2\/posts"}],"about":[{"href":"https:\/\/blogs.correiobraziliense.com.br\/capital-sa\/wp-json\/wp\/v2\/types\/post"}],"author":[{"embeddable":true,"href":"https:\/\/blogs.correiobraziliense.com.br\/capital-sa\/wp-json\/wp\/v2\/users\/125"}],"replies":[{"embeddable":true,"href":"https:\/\/blogs.correiobraziliense.com.br\/capital-sa\/wp-json\/wp\/v2\/comments?post=17844"}],"version-history":[{"count":6,"href":"https:\/\/blogs.correiobraziliense.com.br\/capital-sa\/wp-json\/wp\/v2\/posts\/17844\/revisions"}],"predecessor-version":[{"id":17855,"href":"https:\/\/blogs.correiobraziliense.com.br\/capital-sa\/wp-json\/wp\/v2\/posts\/17844\/revisions\/17855"}],"wp:featuredmedia":[{"embeddable":true,"href":"https:\/\/blogs.correiobraziliense.com.br\/capital-sa\/wp-json\/wp\/v2\/media\/17849"}],"wp:attachment":[{"href":"https:\/\/blogs.correiobraziliense.com.br\/capital-sa\/wp-json\/wp\/v2\/media?parent=17844"}],"wp:term":[{"taxonomy":"category","embeddable":true,"href":"https:\/\/blogs.correiobraziliense.com.br\/capital-sa\/wp-json\/wp\/v2\/categories?post=17844"},{"taxonomy":"post_tag","embeddable":true,"href":"https:\/\/blogs.correiobraziliense.com.br\/capital-sa\/wp-json\/wp\/v2\/tags?post=17844"}],"curies":[{"name":"wp","href":"https:\/\/api.w.org\/{rel}","templated":true}]}}