{"id":17836,"date":"2024-12-05T15:07:44","date_gmt":"2024-12-05T18:07:44","guid":{"rendered":"https:\/\/blogs.correiobraziliense.com.br\/capital-sa\/?p=17836"},"modified":"2024-12-08T22:15:35","modified_gmt":"2024-12-09T01:15:35","slug":"reabertura-do-teatro-nacional-e-do-autodromo-de-brasilia","status":"publish","type":"post","link":"https:\/\/blogs.correiobraziliense.com.br\/capital-sa\/2024\/12\/05\/reabertura-do-teatro-nacional-e-do-autodromo-de-brasilia\/","title":{"rendered":"Reabertura do Teatro Nacional e do Aut\u00f3dromo de Bras\u00edlia"},"content":{"rendered":"<p class=\"p1\"><strong>Por Samanta Sallum\u00a0<\/strong><\/p>\n<p class=\"p1\"><span class=\"s1\">A conclus\u00e3o da primeira etapa do reforma do Teatro Nacional ser\u00e1 um presente de Natal, chegando quase junto do Papai Noel. O espa\u00e7o ser\u00e1 reaberto no dia 20 de dezembro. A primeira sala a ser entregue \u00e9<span class=\"Apple-converted-space\">\u00a0<\/span>a Martins Pena, com capacidade para 480 lugares. E no dia 18 ser\u00e1 aberta a licita\u00e7\u00e3o para a segunda parte da obra.\u00a0<\/span><\/p>\n<p class=\"p1\"><span class=\"s1\">O GDF tamb\u00e9m conseguiu liberar a licita\u00e7\u00e3o para reforma do Aut\u00f3dromo de Bras\u00edlia, que aguardava autoriza\u00e7\u00e3o do Tribunal de Contas do DF h\u00e1 19 meses.<span class=\"Apple-converted-space\">\u00a0 <\/span>O resultado da licita\u00e7\u00e3o foi publicado no <a href=\"https:\/\/www.dodf.df.gov.br\/dodf\/jornal\/visualizar-pdf?pasta=2024%7C12_Dezembro%7CDODF%20230%2003-12-2024%7C&amp;arquivo=DODF%20230%2003-12-2024%20INTEGRA.pdf\">Di\u00e1rio Oficial do DF <\/a>(DODF) de ter\u00e7a-feira.<br \/>\n<\/span><\/p>\n<p class=\"p1\"><span class=\"s1\">O vencedor foi o Cons\u00f3rcio Novo Aut\u00f3dromo, formado pelas empresas Artec, Sanart, Central Engenharia e Infra Constru\u00e7\u00f5es. O valor do contrato \u00e9 de R$ 41 milh\u00f5es. A previs\u00e3o \u00e9 que seja reaberto at\u00e9 o fim de 2025.<\/span><\/p>\n<p><img loading=\"lazy\" decoding=\"async\" class=\"aligncenter size-medium wp-image-17842\" src=\"https:\/\/blogs.correiobraziliense.com.br\/capital-sa\/wp-content\/uploads\/sites\/59\/2024\/12\/2217B41C-849B-4041-B3A2-D15EBE2C68FB-300x200.jpeg\" alt=\"\" width=\"300\" height=\"200\" srcset=\"https:\/\/blogs.correiobraziliense.com.br\/capital-sa\/wp-content\/uploads\/sites\/59\/2024\/12\/2217B41C-849B-4041-B3A2-D15EBE2C68FB-300x200.jpeg 300w, https:\/\/blogs.correiobraziliense.com.br\/capital-sa\/wp-content\/uploads\/sites\/59\/2024\/12\/2217B41C-849B-4041-B3A2-D15EBE2C68FB-768x512.jpeg 768w, https:\/\/blogs.correiobraziliense.com.br\/capital-sa\/wp-content\/uploads\/sites\/59\/2024\/12\/2217B41C-849B-4041-B3A2-D15EBE2C68FB.jpeg 1024w, https:\/\/blogs.correiobraziliense.com.br\/capital-sa\/wp-content\/uploads\/sites\/59\/2024\/12\/2217B41C-849B-4041-B3A2-D15EBE2C68FB-800x533.jpeg 800w, https:\/\/blogs.correiobraziliense.com.br\/capital-sa\/wp-content\/uploads\/sites\/59\/2024\/12\/2217B41C-849B-4041-B3A2-D15EBE2C68FB-550x366.jpeg 550w, https:\/\/blogs.correiobraziliense.com.br\/capital-sa\/wp-content\/uploads\/sites\/59\/2024\/12\/2217B41C-849B-4041-B3A2-D15EBE2C68FB-230x153.jpeg 230w\" sizes=\"auto, (max-width: 300px) 100vw, 300px\" \/><\/p>\n<p class=\"p1\"><span class=\"s1\">Fechado desde 2014, o Aut\u00f3dromo de Bras\u00edlia j\u00e1 recebeu provas do calend\u00e1rio automobil\u00edstico nacional e internacional, como a F\u00f3rmula 3 Sul-Americana, Gran Turismo, F\u00f3rmula Truck, Stock Car e Brasileiro de Motociclismo, entre outros.<\/span><\/p>\n<p class=\"p1\"><span class=\"s1\">No balan\u00e7o de gest\u00e3o ao Codese, o governador Ibaneis Rocha confirmou as entregas. &#8220;Eu fiz um compromisso de revitalizar esses ambientes do Distrito Federal t\u00e3o significativos para a popula\u00e7\u00e3o, que estavam fechados h\u00e1 muitos anos e sem nenhuma provid\u00eancia&#8221;, refor\u00e7ou.<\/span><\/p>\n","protected":false},"excerpt":{"rendered":"<p>Por Samanta Sallum\u00a0 A conclus\u00e3o da primeira etapa do reforma do Teatro Nacional ser\u00e1 um presente de Natal, chegando quase junto do Papai Noel. O espa\u00e7o ser\u00e1 reaberto no dia 20 de dezembro. A primeira sala a ser entregue \u00e9\u00a0a Martins Pena, com capacidade para 480 lugares. E no dia 18 ser\u00e1 aberta a licita\u00e7\u00e3o para a segunda parte da [&hellip;]<\/p>\n","protected":false},"author":125,"featured_media":17839,"comment_status":"open","ping_status":"open","sticky":false,"template":"","format":"standard","meta":{"footnotes":""},"categories":[6],"tags":[2618,2619,203,2583,656,745],"class_list":["post-17836","post","type-post","status-publish","format-standard","has-post-thumbnail","hentry","category-coluna-capital-s-a","tag-autodromo","tag-consorcionovoautodromo","tag-gdf","tag-martinspena","tag-reforma","tag-teatronacional"],"_links":{"self":[{"href":"https:\/\/blogs.correiobraziliense.com.br\/capital-sa\/wp-json\/wp\/v2\/posts\/17836","targetHints":{"allow":["GET"]}}],"collection":[{"href":"https:\/\/blogs.correiobraziliense.com.br\/capital-sa\/wp-json\/wp\/v2\/posts"}],"about":[{"href":"https:\/\/blogs.correiobraziliense.com.br\/capital-sa\/wp-json\/wp\/v2\/types\/post"}],"author":[{"embeddable":true,"href":"https:\/\/blogs.correiobraziliense.com.br\/capital-sa\/wp-json\/wp\/v2\/users\/125"}],"replies":[{"embeddable":true,"href":"https:\/\/blogs.correiobraziliense.com.br\/capital-sa\/wp-json\/wp\/v2\/comments?post=17836"}],"version-history":[{"count":6,"href":"https:\/\/blogs.correiobraziliense.com.br\/capital-sa\/wp-json\/wp\/v2\/posts\/17836\/revisions"}],"predecessor-version":[{"id":17853,"href":"https:\/\/blogs.correiobraziliense.com.br\/capital-sa\/wp-json\/wp\/v2\/posts\/17836\/revisions\/17853"}],"wp:featuredmedia":[{"embeddable":true,"href":"https:\/\/blogs.correiobraziliense.com.br\/capital-sa\/wp-json\/wp\/v2\/media\/17839"}],"wp:attachment":[{"href":"https:\/\/blogs.correiobraziliense.com.br\/capital-sa\/wp-json\/wp\/v2\/media?parent=17836"}],"wp:term":[{"taxonomy":"category","embeddable":true,"href":"https:\/\/blogs.correiobraziliense.com.br\/capital-sa\/wp-json\/wp\/v2\/categories?post=17836"},{"taxonomy":"post_tag","embeddable":true,"href":"https:\/\/blogs.correiobraziliense.com.br\/capital-sa\/wp-json\/wp\/v2\/tags?post=17836"}],"curies":[{"name":"wp","href":"https:\/\/api.w.org\/{rel}","templated":true}]}}