{"id":17810,"date":"2024-12-04T15:18:10","date_gmt":"2024-12-04T18:18:10","guid":{"rendered":"https:\/\/blogs.correiobraziliense.com.br\/capital-sa\/?p=17810"},"modified":"2024-12-08T22:10:49","modified_gmt":"2024-12-09T01:10:49","slug":"tcu-alerta-para-inseguranca-cibernetica-na-administracao-publica","status":"publish","type":"post","link":"https:\/\/blogs.correiobraziliense.com.br\/capital-sa\/2024\/12\/04\/tcu-alerta-para-inseguranca-cibernetica-na-administracao-publica\/","title":{"rendered":"TCU alerta para inseguran\u00e7a cibern\u00e9tica na administra\u00e7\u00e3o p\u00fablica"},"content":{"rendered":"<p class=\"p1\"><strong>Por Samanta Sallum\u00a0<\/strong><\/p>\n<p class=\"p1\"><span class=\"s1\">Auditoria para verificar ciberseguran\u00e7a e seguran\u00e7a da informa\u00e7\u00e3o do Sistema de Administra\u00e7\u00e3o dos Recursos de Tecnologia da Informa\u00e7\u00e3o (Sisp) apontou que as unidades da rede n\u00e3o est\u00e3o protegidas contra os ataques mais comuns.<span class=\"Apple-converted-space\"><br \/>\n<\/span><\/span><\/p>\n<p class=\"p1\"><span class=\"s1\">De 229 organiza\u00e7\u00f5es do governo federal, nenhuma implementa as 56 medidas de seguran\u00e7a do guia de controles. Somente 14 seguem mais de 70% e apenas duas executam mais de 90%.<br \/>\n<\/span><\/p>\n<p class=\"p1\"><span class=\"s1\">O relator do processo \u00e9 o ministro Augusto Nardes, que cobrou provid\u00eancias da administra\u00e7\u00e3o p\u00fablica para elevar o n\u00edvel de controle de seguran\u00e7a do setor, em manifesta\u00e7\u00e3o em novembro passado.\u00a0<\/span><\/p>\n<p class=\"p1\"><span class=\"s1\">O baixo \u00edndice encontrado, segundo o tribunal, \u00e9 devido \u00e0 falta de previs\u00e3o normativa de responsabilidade da alta administra\u00e7\u00e3o das organiza\u00e7\u00f5es pela gest\u00e3o dos riscos cibern\u00e9ticos decorrentes da n\u00e3o implementa\u00e7\u00e3o das medidas de seguran\u00e7a.<\/span><\/p>\n<p>O Sistema de Administra\u00e7\u00e3o dos Recursos de Tecnologia da Informa\u00e7\u00e3o (Sisp) foi institu\u00eddo pelo Decreto n\u00ba 7.579, de 11 de outubro de 2011, com o objetivo de organizar a opera\u00e7\u00e3o, o controle, a supervis\u00e3o e a coordena\u00e7\u00e3o dos recursos de tecnologia da informa\u00e7\u00e3o da administra\u00e7\u00e3o direta, aut\u00e1rquica e fundacional do Poder Executivo Federal.<\/p>\n","protected":false},"excerpt":{"rendered":"<p>Por Samanta Sallum\u00a0 Auditoria para verificar ciberseguran\u00e7a e seguran\u00e7a da informa\u00e7\u00e3o do Sistema de Administra\u00e7\u00e3o dos Recursos de Tecnologia da Informa\u00e7\u00e3o (Sisp) apontou que as unidades da rede n\u00e3o est\u00e3o protegidas contra os ataques mais comuns. De 229 organiza\u00e7\u00f5es do governo federal, nenhuma implementa as 56 medidas de seguran\u00e7a do guia de controles. Somente 14 seguem mais de 70% e [&hellip;]<\/p>\n","protected":false},"author":125,"featured_media":17812,"comment_status":"open","ping_status":"open","sticky":false,"template":"","format":"standard","meta":{"footnotes":""},"categories":[6],"tags":[2616,2614,2617,2613,2615],"class_list":["post-17810","post","type-post","status-publish","format-standard","has-post-thumbnail","hentry","category-coluna-capital-s-a","tag-auditoria","tag-insegurancacibernetica","tag-riscocibernetico","tag-sisp","tag-tribunal"],"_links":{"self":[{"href":"https:\/\/blogs.correiobraziliense.com.br\/capital-sa\/wp-json\/wp\/v2\/posts\/17810","targetHints":{"allow":["GET"]}}],"collection":[{"href":"https:\/\/blogs.correiobraziliense.com.br\/capital-sa\/wp-json\/wp\/v2\/posts"}],"about":[{"href":"https:\/\/blogs.correiobraziliense.com.br\/capital-sa\/wp-json\/wp\/v2\/types\/post"}],"author":[{"embeddable":true,"href":"https:\/\/blogs.correiobraziliense.com.br\/capital-sa\/wp-json\/wp\/v2\/users\/125"}],"replies":[{"embeddable":true,"href":"https:\/\/blogs.correiobraziliense.com.br\/capital-sa\/wp-json\/wp\/v2\/comments?post=17810"}],"version-history":[{"count":7,"href":"https:\/\/blogs.correiobraziliense.com.br\/capital-sa\/wp-json\/wp\/v2\/posts\/17810\/revisions"}],"predecessor-version":[{"id":17850,"href":"https:\/\/blogs.correiobraziliense.com.br\/capital-sa\/wp-json\/wp\/v2\/posts\/17810\/revisions\/17850"}],"wp:featuredmedia":[{"embeddable":true,"href":"https:\/\/blogs.correiobraziliense.com.br\/capital-sa\/wp-json\/wp\/v2\/media\/17812"}],"wp:attachment":[{"href":"https:\/\/blogs.correiobraziliense.com.br\/capital-sa\/wp-json\/wp\/v2\/media?parent=17810"}],"wp:term":[{"taxonomy":"category","embeddable":true,"href":"https:\/\/blogs.correiobraziliense.com.br\/capital-sa\/wp-json\/wp\/v2\/categories?post=17810"},{"taxonomy":"post_tag","embeddable":true,"href":"https:\/\/blogs.correiobraziliense.com.br\/capital-sa\/wp-json\/wp\/v2\/tags?post=17810"}],"curies":[{"name":"wp","href":"https:\/\/api.w.org\/{rel}","templated":true}]}}