{"id":17772,"date":"2024-12-03T17:18:34","date_gmt":"2024-12-03T20:18:34","guid":{"rendered":"https:\/\/blogs.correiobraziliense.com.br\/capital-sa\/?p=17772"},"modified":"2024-12-08T22:07:26","modified_gmt":"2024-12-09T01:07:26","slug":"representando-bc-galipolo-recebe-premio-governanca-brasil","status":"publish","type":"post","link":"https:\/\/blogs.correiobraziliense.com.br\/capital-sa\/2024\/12\/03\/representando-bc-galipolo-recebe-premio-governanca-brasil\/","title":{"rendered":"Gal\u00edpolo recebe pr\u00eamio Governan\u00e7a Brasil e agradece \u201cgenerosidade\u201d de Campos Neto"},"content":{"rendered":"<p><strong>Por Samanta Sallum\u00a0<\/strong><\/p>\n<p>O ministro do TCU Augusto Nardes realizou, na noite de ontem, a entrega do Pr\u00eamio Rede de Governan\u00e7a Brasil (RGB) no audit\u00f3rio da CNI, em Bras\u00edlia. A Funda\u00e7\u00e3o Universidade de Bras\u00edlia foi agraciada na categoria Administra\u00e7\u00e3o P\u00fablica Federal, e a\u00a0Caixa Econ\u00f4mica Federal na categoria Estatais, Sociedades de Economia Mista. Gabriel Gal\u00edpolo (na foto, ao lado de Nardes) recebeu a honraria concedida ao Banco Central.<\/p>\n<p>\u201d\u00c9 uma honra poder estar aqui. Estou no Banco Central h\u00e1 pouco mais de 1 ano, ent\u00e3o, estou aqui podendo represent\u00e1-lo pela generosidade dos meus colegas, que s\u00e3o os verdadeiros respons\u00e1veis por essa excel\u00eancia sobre a governan\u00e7a. E tamb\u00e9m pelo atual presidente, Roberto Campos, que generosamente me permitiu estar aqui hoje.\u201d<\/p>\n<p class=\"p2\"><span class=\"s1\">O presidente Luiz In\u00e1cio Lula da Silva (PT) decidiu indicar o economista Gabriel Gal\u00edpolo para a sucess\u00e3o de Roberto Campos Neto na presid\u00eancia do Banco Central. Gal\u00edpolo, que atualmente exerce o cargo de diretor de Pol\u00edtica Monet\u00e1ria da autarquia, ainda precisa ter a nomea\u00e7\u00e3o aprovada pelo Senado Federal. Se for aprovado, ser\u00e1 o presidente do BC entre 2025 e 2028.<\/span><\/p>\n<p>O economista preferiu evitar coment\u00e1rios sobre \u00a0a recente alta do d\u00f3lar em reflexo ao an\u00fancio do Minist\u00e9rio da Fazenda em rela\u00e7\u00e3o a corte de gastos ao mesmo tempo da isen\u00e7\u00e3o de Imposto de Renda para quem ganha at\u00e9 R$ 5 mil.<\/p>\n<p>Gal\u00edpolo foi bra\u00e7o direto do ministro da Fazenda, Fernando Haddad. E o governo Lula espera que ele consiga atuar na redu\u00e7\u00e3o da Selic.<\/p>\n<p>O ministro Vital do Rego (foto) tamb\u00e9m recebeu a premia\u00e7\u00e3o na categoria Institui\u00e7\u00e3o, representando o TCU, do qual assumir\u00e1 a presid\u00eancia em 2025.<\/p>\n<p>&nbsp;<\/p>\n<p><img loading=\"lazy\" decoding=\"async\" class=\"aligncenter size-medium wp-image-17778\" src=\"https:\/\/blogs.correiobraziliense.com.br\/capital-sa\/wp-content\/uploads\/sites\/59\/2024\/12\/CD8968F4-4046-408D-BAB2-7E518FC676BE-300x298.jpeg\" alt=\"\" width=\"300\" height=\"298\" srcset=\"https:\/\/blogs.correiobraziliense.com.br\/capital-sa\/wp-content\/uploads\/sites\/59\/2024\/12\/CD8968F4-4046-408D-BAB2-7E518FC676BE-300x298.jpeg 300w, https:\/\/blogs.correiobraziliense.com.br\/capital-sa\/wp-content\/uploads\/sites\/59\/2024\/12\/CD8968F4-4046-408D-BAB2-7E518FC676BE-150x150.jpeg 150w, https:\/\/blogs.correiobraziliense.com.br\/capital-sa\/wp-content\/uploads\/sites\/59\/2024\/12\/CD8968F4-4046-408D-BAB2-7E518FC676BE-550x546.jpeg 550w, https:\/\/blogs.correiobraziliense.com.br\/capital-sa\/wp-content\/uploads\/sites\/59\/2024\/12\/CD8968F4-4046-408D-BAB2-7E518FC676BE-230x228.jpeg 230w, https:\/\/blogs.correiobraziliense.com.br\/capital-sa\/wp-content\/uploads\/sites\/59\/2024\/12\/CD8968F4-4046-408D-BAB2-7E518FC676BE.jpeg 720w\" sizes=\"auto, (max-width: 300px) 100vw, 300px\" \/><\/p>\n<p>A RGB \u00e9 uma entidade fundada por Nardes, colaborativa e qualificada tecnicamente, composta por profissionais das mais diversas \u00e1reas dos setores p\u00fablico e privado que trabalham em prol da governan\u00e7a. Tem, hoje, cerca de 650 volunt\u00e1rios.<\/p>\n<p>\u201d\u00c9 de grande import\u00e2ncia a implanta\u00e7\u00e3o da governan\u00e7a em todo o pa\u00eds. E esperamos que o projeto de lei que trata disso seja em breve aprovado no Senado\u201d, destacou Nardes. O projeto re\u00fane uma s\u00e9rie de procedimentos e crit\u00e9rios para tornar a gest\u00e3o p\u00fablica mais eficiente e assim melhorar a presta\u00e7\u00e3o de servi\u00e7os \u00e0 popula\u00e7\u00e3o.<\/p>\n<p>&nbsp;<\/p>\n","protected":false},"excerpt":{"rendered":"<p>Por Samanta Sallum\u00a0 O ministro do TCU Augusto Nardes realizou, na noite de ontem, a entrega do Pr\u00eamio Rede de Governan\u00e7a Brasil (RGB) no audit\u00f3rio da CNI, em Bras\u00edlia. A Funda\u00e7\u00e3o Universidade de Bras\u00edlia foi agraciada na categoria Administra\u00e7\u00e3o P\u00fablica Federal, e a\u00a0Caixa Econ\u00f4mica Federal na categoria Estatais, Sociedades de Economia Mista. Gabriel Gal\u00edpolo (na foto, ao lado de Nardes) [&hellip;]<\/p>\n","protected":false},"author":125,"featured_media":17777,"comment_status":"open","ping_status":"open","sticky":false,"template":"","format":"standard","meta":{"footnotes":""},"categories":[6],"tags":[1831,242,2612,445,64],"class_list":["post-17772","post","type-post","status-publish","format-standard","has-post-thumbnail","hentry","category-coluna-capital-s-a","tag-bancocentral","tag-ministro","tag-rgb","tag-tcu","tag-cni"],"_links":{"self":[{"href":"https:\/\/blogs.correiobraziliense.com.br\/capital-sa\/wp-json\/wp\/v2\/posts\/17772","targetHints":{"allow":["GET"]}}],"collection":[{"href":"https:\/\/blogs.correiobraziliense.com.br\/capital-sa\/wp-json\/wp\/v2\/posts"}],"about":[{"href":"https:\/\/blogs.correiobraziliense.com.br\/capital-sa\/wp-json\/wp\/v2\/types\/post"}],"author":[{"embeddable":true,"href":"https:\/\/blogs.correiobraziliense.com.br\/capital-sa\/wp-json\/wp\/v2\/users\/125"}],"replies":[{"embeddable":true,"href":"https:\/\/blogs.correiobraziliense.com.br\/capital-sa\/wp-json\/wp\/v2\/comments?post=17772"}],"version-history":[{"count":17,"href":"https:\/\/blogs.correiobraziliense.com.br\/capital-sa\/wp-json\/wp\/v2\/posts\/17772\/revisions"}],"predecessor-version":[{"id":17827,"href":"https:\/\/blogs.correiobraziliense.com.br\/capital-sa\/wp-json\/wp\/v2\/posts\/17772\/revisions\/17827"}],"wp:featuredmedia":[{"embeddable":true,"href":"https:\/\/blogs.correiobraziliense.com.br\/capital-sa\/wp-json\/wp\/v2\/media\/17777"}],"wp:attachment":[{"href":"https:\/\/blogs.correiobraziliense.com.br\/capital-sa\/wp-json\/wp\/v2\/media?parent=17772"}],"wp:term":[{"taxonomy":"category","embeddable":true,"href":"https:\/\/blogs.correiobraziliense.com.br\/capital-sa\/wp-json\/wp\/v2\/categories?post=17772"},{"taxonomy":"post_tag","embeddable":true,"href":"https:\/\/blogs.correiobraziliense.com.br\/capital-sa\/wp-json\/wp\/v2\/tags?post=17772"}],"curies":[{"name":"wp","href":"https:\/\/api.w.org\/{rel}","templated":true}]}}