{"id":17758,"date":"2024-12-03T09:36:27","date_gmt":"2024-12-03T12:36:27","guid":{"rendered":"https:\/\/blogs.correiobraziliense.com.br\/capital-sa\/?p=17758"},"modified":"2024-12-08T22:05:01","modified_gmt":"2024-12-09T01:05:01","slug":"ibaneis-conclama-empresarios-e-servidores-publicos-na-campanha-o-df-e-dos-brasileiros","status":"publish","type":"post","link":"https:\/\/blogs.correiobraziliense.com.br\/capital-sa\/2024\/12\/03\/ibaneis-conclama-empresarios-e-servidores-publicos-na-campanha-o-df-e-dos-brasileiros\/","title":{"rendered":"Ibaneis conclama empres\u00e1rios e servidores p\u00fablicos para a campanha \u201cO DF \u00e9 dos brasileiros\u201d"},"content":{"rendered":"<p><strong>Por Samanta Sallum\u00a0<\/strong><\/p>\n<p class=\"p1\"><span class=\"s1\">O governador Ibaneis Rocha conclamou os empres\u00e1rios a engrossarem as trincheiras em defesa do Fundo Constitucional do DF. E est\u00e1 sendo atendido. A ideia \u00e9 viralizar nas redes sociais o v\u00eddeo da campanha <em>O DF \u00e9 dos brasileiros,\u00a0<\/em>em que alerta para os efeitos negativos da inten\u00e7\u00e3o do governo federal de passar a tesoura nos recursos para a capital federal.\u00a0<\/span><\/p>\n<blockquote>\n<p class=\"p1\"><span class=\"s1\">\u201c\u00c9 hora de esquecer as bandeiras ideol\u00f3gicas. Eu conclamo todos os pol\u00edticos, toda a classe empresarial, toda a classe sindical de trabalhadores e toda popula\u00e7\u00e3o do DF para que estejam ao nosso lado nessa demanda, que n\u00f3s vamos vencer mais uma vez\u201d, enfatizou Ibaneis Rocha.<\/span><\/p>\n<\/blockquote>\n<p>Com a campanha, o GDF quer mostrar que a capital federal abriga os brasileiros de todos os estados que v\u00eam em busca dos servi\u00e7os p\u00fablicos. \u201cN\u00f3s n\u00e3o cuidamos apenas dos 3 milh\u00f5es de habitantes do DF\u201d, completou Ibaneis.<\/p>\n<p class=\"p1\"><strong><span class=\"s1\">Amea\u00e7a \u00e0 redu\u00e7\u00e3o do ITBI <\/span><\/strong><\/p>\n<p class=\"p1\"><span class=\"s1\">A proposta de corte de gastos da Uni\u00e3o que amea\u00e7a os cofres do GDF coincide com uma medida que exigiu do Buriti muitos c\u00e1lculos dias depois de Ibaneis ter anunciado a redu\u00e7\u00e3o do<span class=\"Apple-converted-space\">\u00a0<\/span>Imposto de Transfer\u00eancia de Bens Im\u00f3veis (ITBI) de 3% para 2%. A medida foi muito celebrada pelo setor produtivo do DF, que tinha nela um pleito antigo. Mas a decis\u00e3o implica ren\u00fancia de receita para os cofres do Pal\u00e1cio do Buriti.<\/span><\/p>\n<p class=\"p1\"><span class=\"s1\">A ideia do Minist\u00e9rio da Fazenda de mudar a forma de c\u00e1lculo do Fundo Constitucional do DF pode bagun\u00e7ar bastante as contas do governo local.\u00a0<\/span>Mais um motivo para o empresariado brasiliense aderir \u00e0 defesa do FCDF, para n\u00e3o colocar em risco a redu\u00e7\u00e3o tribut\u00e1ria.<\/p>\n<p class=\"p1\"><strong><span class=\"s1\">Chamamento aos servidores <\/span><\/strong><\/p>\n<p class=\"p1\"><span class=\"s1\">Ibaneis tamb\u00e9m enfatizou que os sindicatos de servidores p\u00fablicos ser\u00e3o \u201cos maiores prejudicados\u201d. Segundo ele, a amea\u00e7a n\u00e3o atinge somente as \u00e1reas de sa\u00fade, educa\u00e7\u00e3o e seguran\u00e7a.<\/span><\/p>\n<p>&#8220;A partir do momento em que n\u00e3o houver recurso para essas \u00e1reas, n\u00f3s vamos ter que tirar o recurso da fonte 100, do recurso tribut\u00e1rio. E isso vai atingir todos os servidores do DF. E isso implica todos os servi\u00e7os que o governo presta. Ent\u00e3o, isso \u00e9 muito s\u00e9rio para todos n\u00f3s.&#8221;<\/p>\n<p>&nbsp;<\/p>\n","protected":false},"excerpt":{"rendered":"<p>Por Samanta Sallum\u00a0 O governador Ibaneis Rocha conclamou os empres\u00e1rios a engrossarem as trincheiras em defesa do Fundo Constitucional do DF. E est\u00e1 sendo atendido. A ideia \u00e9 viralizar nas redes sociais o v\u00eddeo da campanha O DF \u00e9 dos brasileiros,\u00a0em que alerta para os efeitos negativos da inten\u00e7\u00e3o do governo federal de passar a tesoura nos recursos para a [&hellip;]<\/p>\n","protected":false},"author":125,"featured_media":17767,"comment_status":"open","ping_status":"open","sticky":false,"template":"","format":"standard","meta":{"footnotes":""},"categories":[6],"tags":[161,1327,203,642,983,943],"class_list":["post-17758","post","type-post","status-publish","format-standard","has-post-thumbnail","hentry","category-coluna-capital-s-a","tag-empresarios","tag-fundoconstitucional","tag-gdf","tag-ibaneisrocha","tag-itbi","tag-reducao"],"_links":{"self":[{"href":"https:\/\/blogs.correiobraziliense.com.br\/capital-sa\/wp-json\/wp\/v2\/posts\/17758","targetHints":{"allow":["GET"]}}],"collection":[{"href":"https:\/\/blogs.correiobraziliense.com.br\/capital-sa\/wp-json\/wp\/v2\/posts"}],"about":[{"href":"https:\/\/blogs.correiobraziliense.com.br\/capital-sa\/wp-json\/wp\/v2\/types\/post"}],"author":[{"embeddable":true,"href":"https:\/\/blogs.correiobraziliense.com.br\/capital-sa\/wp-json\/wp\/v2\/users\/125"}],"replies":[{"embeddable":true,"href":"https:\/\/blogs.correiobraziliense.com.br\/capital-sa\/wp-json\/wp\/v2\/comments?post=17758"}],"version-history":[{"count":14,"href":"https:\/\/blogs.correiobraziliense.com.br\/capital-sa\/wp-json\/wp\/v2\/posts\/17758\/revisions"}],"predecessor-version":[{"id":17851,"href":"https:\/\/blogs.correiobraziliense.com.br\/capital-sa\/wp-json\/wp\/v2\/posts\/17758\/revisions\/17851"}],"wp:featuredmedia":[{"embeddable":true,"href":"https:\/\/blogs.correiobraziliense.com.br\/capital-sa\/wp-json\/wp\/v2\/media\/17767"}],"wp:attachment":[{"href":"https:\/\/blogs.correiobraziliense.com.br\/capital-sa\/wp-json\/wp\/v2\/media?parent=17758"}],"wp:term":[{"taxonomy":"category","embeddable":true,"href":"https:\/\/blogs.correiobraziliense.com.br\/capital-sa\/wp-json\/wp\/v2\/categories?post=17758"},{"taxonomy":"post_tag","embeddable":true,"href":"https:\/\/blogs.correiobraziliense.com.br\/capital-sa\/wp-json\/wp\/v2\/tags?post=17758"}],"curies":[{"name":"wp","href":"https:\/\/api.w.org\/{rel}","templated":true}]}}