{"id":17750,"date":"2024-12-03T08:51:17","date_gmt":"2024-12-03T11:51:17","guid":{"rendered":"https:\/\/blogs.correiobraziliense.com.br\/capital-sa\/?p=17750"},"modified":"2024-12-08T22:02:51","modified_gmt":"2024-12-09T01:02:51","slug":"presidio-do-sia-sera-desativado-e-detentos-irao-para-a-papuda","status":"publish","type":"post","link":"https:\/\/blogs.correiobraziliense.com.br\/capital-sa\/2024\/12\/03\/presidio-do-sia-sera-desativado-e-detentos-irao-para-a-papuda\/","title":{"rendered":"Pres\u00eddio do SIA ser\u00e1 desativado e detentos ir\u00e3o para a Papuda"},"content":{"rendered":"<p><em>Portaria conjunta foi assinada entre a Secretaria de Administra\u00e7\u00e3o Penitenci\u00e1ria e a de Obras para constru\u00e7\u00e3o de novo centro prisional com 1,5 mil vagas\u00a0<\/em><\/p>\n<p class=\"p1\"><strong>Por Samanta Sallum\u00a0<\/strong><\/p>\n<p class=\"p1\"><span class=\"s1\">Uma demanda do setor empresarial, \u00a0e especialmente da C\u00e2mara de Dirigentes Lojistas, ser\u00e1 atendida pelo GDF. A entidade argumentava, h\u00e1 anos, que o pres\u00eddio existente no Setor de Ind\u00fastria e Abastecimento (SIA) era um desvio de ocupa\u00e7\u00e3o. O secret\u00e1rio de governo, Jos\u00e9 Humberto Pires, representando o governador Ibaneis Rocha, em evento na CDL\/DF, anunciou que o Centro de Progress\u00e3o Penitenci\u00e1ria (CPP) ser\u00e1 desativado. Para isso, ser\u00e1 constru\u00eddo um outro na \u00e1rea da Papuda.<br \/>\n<\/span><\/p>\n<p class=\"p1\"><span class=\"s1\">A informa\u00e7\u00e3o foi refor\u00e7ada pelo administrador do SIA, Bruno Oliveira, que tamb\u00e9m participou do encontro. Ao <strong>blog Capital S\/A,<\/strong> o secret\u00e1rio de Administra\u00e7\u00e3o Penitenci\u00e1ria,\u00a0Wenderson Teles,\u00a0<\/span>confirmou a medida.<\/p>\n<blockquote>\n<p class=\"p1\">\u201cN\u00e3o queremos mais preso algum no SIA. Todos ser\u00e3o transferidos para o novo pres\u00eddio, quando ficar pronto. \u00c9 uma determina\u00e7\u00e3o do governador\u201d, disse.<\/p>\n<\/blockquote>\n<p>Atualmente, h\u00e1 1,5 mil detentos de regime semi-aberto no pres\u00eddio do SIA. Eles ser\u00e3o transferidos para um novo centro prisional no complexo da Papuda. Mas ainda n\u00e3o h\u00e1 previs\u00e3o de quando come\u00e7ar\u00e1 a obra.<\/p>\n<p>Teles tamb\u00e9m adiantou que ser\u00e1 constru\u00edda uma col\u00f4nia industrial na Papuda para que os presos, em regime fechado, trabalhem em atividades do setor, e se capacitem profissionalmente em novas atividades.<\/p>\n<p><strong>Despedida<\/strong><\/p>\n<p>O an\u00fancio da desativa\u00e7\u00e3o do pres\u00eddio ocorreu durante evento na sede da CDL, no SIA, que marcou a despedida de Wagner da Silveira da presid\u00eancia da entidade, depois de dois mandatos consecutivos.\u00a0O empres\u00e1rio Eduardo Pereira Neto assumir\u00e1 a gest\u00e3o da C\u00e2mara, que tem 3,5 mil associados.<\/p>\n<p>\u201cO CPP traz inseguran\u00e7a para o SIA e \u00e9 um claro desvio de ocupa\u00e7\u00e3o do espa\u00e7o. O que precisamos aqui \u00e9 de uma escola para que os filhos dos funcion\u00e1rios das empresas possam estudar pr\u00f3ximo ao trabalho dos pais\u201d, destacou Wagner da Silveira.<\/p>\n<p>&nbsp;<\/p>\n","protected":false},"excerpt":{"rendered":"<p>Portaria conjunta foi assinada entre a Secretaria de Administra\u00e7\u00e3o Penitenci\u00e1ria e a de Obras para constru\u00e7\u00e3o de novo centro prisional com 1,5 mil vagas\u00a0 Por Samanta Sallum\u00a0 Uma demanda do setor empresarial, \u00a0e especialmente da C\u00e2mara de Dirigentes Lojistas, ser\u00e1 atendida pelo GDF. A entidade argumentava, h\u00e1 anos, que o pres\u00eddio existente no Setor de Ind\u00fastria e Abastecimento (SIA) era [&hellip;]<\/p>\n","protected":false},"author":125,"featured_media":17757,"comment_status":"open","ping_status":"open","sticky":false,"template":"","format":"standard","meta":{"footnotes":""},"categories":[6],"tags":[2611],"class_list":["post-17750","post","type-post","status-publish","format-standard","has-post-thumbnail","hentry","category-coluna-capital-s-a","tag-detentos-papuda-sia-cpp"],"_links":{"self":[{"href":"https:\/\/blogs.correiobraziliense.com.br\/capital-sa\/wp-json\/wp\/v2\/posts\/17750","targetHints":{"allow":["GET"]}}],"collection":[{"href":"https:\/\/blogs.correiobraziliense.com.br\/capital-sa\/wp-json\/wp\/v2\/posts"}],"about":[{"href":"https:\/\/blogs.correiobraziliense.com.br\/capital-sa\/wp-json\/wp\/v2\/types\/post"}],"author":[{"embeddable":true,"href":"https:\/\/blogs.correiobraziliense.com.br\/capital-sa\/wp-json\/wp\/v2\/users\/125"}],"replies":[{"embeddable":true,"href":"https:\/\/blogs.correiobraziliense.com.br\/capital-sa\/wp-json\/wp\/v2\/comments?post=17750"}],"version-history":[{"count":8,"href":"https:\/\/blogs.correiobraziliense.com.br\/capital-sa\/wp-json\/wp\/v2\/posts\/17750\/revisions"}],"predecessor-version":[{"id":17832,"href":"https:\/\/blogs.correiobraziliense.com.br\/capital-sa\/wp-json\/wp\/v2\/posts\/17750\/revisions\/17832"}],"wp:featuredmedia":[{"embeddable":true,"href":"https:\/\/blogs.correiobraziliense.com.br\/capital-sa\/wp-json\/wp\/v2\/media\/17757"}],"wp:attachment":[{"href":"https:\/\/blogs.correiobraziliense.com.br\/capital-sa\/wp-json\/wp\/v2\/media?parent=17750"}],"wp:term":[{"taxonomy":"category","embeddable":true,"href":"https:\/\/blogs.correiobraziliense.com.br\/capital-sa\/wp-json\/wp\/v2\/categories?post=17750"},{"taxonomy":"post_tag","embeddable":true,"href":"https:\/\/blogs.correiobraziliense.com.br\/capital-sa\/wp-json\/wp\/v2\/tags?post=17750"}],"curies":[{"name":"wp","href":"https:\/\/api.w.org\/{rel}","templated":true}]}}