{"id":1772,"date":"2021-02-10T10:34:55","date_gmt":"2021-02-10T13:34:55","guid":{"rendered":"https:\/\/blogs.correiobraziliense.com.br\/capital-sa\/?p=1772"},"modified":"2021-02-10T11:13:01","modified_gmt":"2021-02-10T14:13:01","slug":"pontao-de-cara-nova-tera-ate-boulevard","status":"publish","type":"post","link":"https:\/\/blogs.correiobraziliense.com.br\/capital-sa\/2021\/02\/10\/pontao-de-cara-nova-tera-ate-boulevard\/","title":{"rendered":"Pont\u00e3o de cara nova ter\u00e1 at\u00e9 boulevard"},"content":{"rendered":"<p>J\u00e1 foi aprovado pelo Conplan o novo Plano de Uso e Ocupa\u00e7\u00e3o do Pont\u00e3o do Lago Sul, elaborado pela Terracap. A proposta n\u00e3o criou e n\u00e3o desconstituiu nenhuma unidade imobili\u00e1ria, mas definiu novas \u00e1reas edific\u00e1veis para concess\u00e3o no local, que abrange,\u00a0aproximadamente,124 mil m\u00b2.<\/p>\n<p>A remodelagem do empreendimento prev\u00ea a constru\u00e7\u00e3o de um grande boulevard arborizado.<\/p>\n<p>A paisagem da orla do Lago Parano\u00e1 ser\u00e1 totalmente valorizada, \u201cproporcionando experi\u00eancia \u00fanica ao usu\u00e1rio\u201d, segundo a Terracap.<br \/>\n<strong><br \/>\nDestaque nacional<\/strong><\/p>\n<p>O novo projeto pretende ser refer\u00eancia para todo o Brasil como complexo de lazer e tur\u00edstico em ambiente buc\u00f3lico. Haver\u00e1 poss\u00edvel readequa\u00e7\u00e3o e at\u00e9 remanejamento das atuais edifica\u00e7\u00f5es.<\/p>\n<p><strong>Mais atividades econ\u00f4micas<\/strong><\/p>\n<p>O pr\u00f3ximo passo \u00e9 a aprova\u00e7\u00e3o pela Secretaria de Desenvolvimento Urbano e Habita\u00e7\u00e3o (Seduh). As constru\u00e7\u00f5es ser\u00e3o cercadas por \u00e1reas verdes, com tratamento paisag\u00edstico, e o <a href=\"\/\/3\">visitante<\/a> ter\u00e1 mais para passeio, al\u00e9m de oferecer diversidade das atividades econ\u00f4micas no local.<\/p>\n<p>&nbsp;<\/p>\n","protected":false},"excerpt":{"rendered":"<p>J\u00e1 foi aprovado pelo Conplan o novo Plano de Uso e Ocupa\u00e7\u00e3o do Pont\u00e3o do Lago Sul, elaborado pela Terracap. A proposta n\u00e3o criou e n\u00e3o desconstituiu nenhuma unidade imobili\u00e1ria, mas definiu novas \u00e1reas edific\u00e1veis para concess\u00e3o no local, que abrange,\u00a0aproximadamente,124 mil m\u00b2. A remodelagem do empreendimento prev\u00ea a constru\u00e7\u00e3o de um grande boulevard arborizado. A paisagem da orla do [&hellip;]<\/p>\n","protected":false},"author":125,"featured_media":1774,"comment_status":"open","ping_status":"open","sticky":false,"template":"","format":"standard","meta":{"footnotes":""},"categories":[1],"tags":[],"class_list":["post-1772","post","type-post","status-publish","format-standard","has-post-thumbnail","hentry","category-sem-categoria"],"_links":{"self":[{"href":"https:\/\/blogs.correiobraziliense.com.br\/capital-sa\/wp-json\/wp\/v2\/posts\/1772","targetHints":{"allow":["GET"]}}],"collection":[{"href":"https:\/\/blogs.correiobraziliense.com.br\/capital-sa\/wp-json\/wp\/v2\/posts"}],"about":[{"href":"https:\/\/blogs.correiobraziliense.com.br\/capital-sa\/wp-json\/wp\/v2\/types\/post"}],"author":[{"embeddable":true,"href":"https:\/\/blogs.correiobraziliense.com.br\/capital-sa\/wp-json\/wp\/v2\/users\/125"}],"replies":[{"embeddable":true,"href":"https:\/\/blogs.correiobraziliense.com.br\/capital-sa\/wp-json\/wp\/v2\/comments?post=1772"}],"version-history":[{"count":1,"href":"https:\/\/blogs.correiobraziliense.com.br\/capital-sa\/wp-json\/wp\/v2\/posts\/1772\/revisions"}],"predecessor-version":[{"id":1773,"href":"https:\/\/blogs.correiobraziliense.com.br\/capital-sa\/wp-json\/wp\/v2\/posts\/1772\/revisions\/1773"}],"wp:featuredmedia":[{"embeddable":true,"href":"https:\/\/blogs.correiobraziliense.com.br\/capital-sa\/wp-json\/wp\/v2\/media\/1774"}],"wp:attachment":[{"href":"https:\/\/blogs.correiobraziliense.com.br\/capital-sa\/wp-json\/wp\/v2\/media?parent=1772"}],"wp:term":[{"taxonomy":"category","embeddable":true,"href":"https:\/\/blogs.correiobraziliense.com.br\/capital-sa\/wp-json\/wp\/v2\/categories?post=1772"},{"taxonomy":"post_tag","embeddable":true,"href":"https:\/\/blogs.correiobraziliense.com.br\/capital-sa\/wp-json\/wp\/v2\/tags?post=1772"}],"curies":[{"name":"wp","href":"https:\/\/api.w.org\/{rel}","templated":true}]}}