{"id":17705,"date":"2024-11-07T12:10:33","date_gmt":"2024-11-07T15:10:33","guid":{"rendered":"https:\/\/blogs.correiobraziliense.com.br\/capital-sa\/?p=17705"},"modified":"2024-11-07T13:03:13","modified_gmt":"2024-11-07T16:03:13","slug":"telecoms-se-reunem-em-brasilia-e-reclamam-de-alta-carga-tributaria","status":"publish","type":"post","link":"https:\/\/blogs.correiobraziliense.com.br\/capital-sa\/2024\/11\/07\/telecoms-se-reunem-em-brasilia-e-reclamam-de-alta-carga-tributaria\/","title":{"rendered":"Telecoms se re\u00fanem em Bras\u00edlia e reclamam de alta carga tribut\u00e1ria"},"content":{"rendered":"<p><em>Evento teve a presen\u00e7a do ministro das Comunica\u00e7\u00f5es, que fez critica aos conselheiros da Aneel\u00a0<\/em><\/p>\n<p class=\"p1\"><strong>Por Samanta Sallum\u00a0<\/strong><\/p>\n<p class=\"p1\"><span class=\"s1\">O evento Painel Telebrasil marcou 50 anos, em Bras\u00edlia, com dois dias de intensos debates que reuniram os principais nomes do setor de conectividade e inova\u00e7\u00e3o do pa\u00eds. No encontro, o presidente da Telebrasil e CEO da Vivo, Christian Gebara, afirmou que a alta tributa\u00e7\u00e3o e o uso excessivo das redes pelas big techs s\u00e3o os principais desafios do setor na atualidade.<\/span><\/p>\n<p class=\"p1\"><span class=\"s1\"> \u201cEntre os 15 pa\u00edses com maior n\u00famero de celulares, o Brasil tem a 3\u00aa maior carga tribut\u00e1ria. S\u00e3o R$ 60 bilh\u00f5es em tributos recolhidos por ano e mais R$ 5 bilh\u00f5es em contribui\u00e7\u00f5es para os fundos setoriais\u201d, disse. <\/span><\/p>\n<p class=\"p1\">Gebara tamb\u00e9m mostrou que o desequil\u00edbrio no uso das redes de telecomunica\u00e7\u00f5es tem afetado o setor. \u201cNo Brasil, as cinco maiores provedoras globais de aplica\u00e7\u00f5es e conte\u00fado, as conhecidas big techs, concentram quase 80% do tr\u00e1fego da rede de acesso m\u00f3vel das operadoras e 65% da rede fixa. Esse uso desigual e excessivo das redes por poucas empresas prejudica a expans\u00e3o dos servi\u00e7os e deteriora a qualidade para os demais usu\u00e1rios\u201d, afirmou.<\/p>\n<p class=\"p1\"><strong><span class=\"s1\">Anatel far\u00e1 consulta p\u00fablica <\/span><\/strong><\/p>\n<p class=\"p1\"><span class=\"s1\">Sobre isso, o presidente da Anatel, Carlos Baigorri, anunciou a ag\u00eancia far\u00e1 em 2025 uma consulta p\u00fablica com a proposta de regula\u00e7\u00e3o das big techs. \u201cFizemos tr\u00eas tomadas de subs\u00eddios ao longo deste ano, e ano que vem devemos ter a consulta p\u00fablica para a proposta de regulamenta\u00e7\u00e3o desse tema\u201d, prometeu durante o encontro.<\/span><\/p>\n<p><img loading=\"lazy\" decoding=\"async\" class=\"aligncenter size-medium wp-image-17712\" src=\"https:\/\/blogs.correiobraziliense.com.br\/capital-sa\/wp-content\/uploads\/sites\/59\/2024\/11\/3229E002-8F51-4D3F-9E5E-D0B92E634346-300x254.jpeg\" alt=\"\" width=\"300\" height=\"254\" srcset=\"https:\/\/blogs.correiobraziliense.com.br\/capital-sa\/wp-content\/uploads\/sites\/59\/2024\/11\/3229E002-8F51-4D3F-9E5E-D0B92E634346-300x254.jpeg 300w, https:\/\/blogs.correiobraziliense.com.br\/capital-sa\/wp-content\/uploads\/sites\/59\/2024\/11\/3229E002-8F51-4D3F-9E5E-D0B92E634346-768x650.jpeg 768w, https:\/\/blogs.correiobraziliense.com.br\/capital-sa\/wp-content\/uploads\/sites\/59\/2024\/11\/3229E002-8F51-4D3F-9E5E-D0B92E634346-800x677.jpeg 800w, https:\/\/blogs.correiobraziliense.com.br\/capital-sa\/wp-content\/uploads\/sites\/59\/2024\/11\/3229E002-8F51-4D3F-9E5E-D0B92E634346-550x466.jpeg 550w, https:\/\/blogs.correiobraziliense.com.br\/capital-sa\/wp-content\/uploads\/sites\/59\/2024\/11\/3229E002-8F51-4D3F-9E5E-D0B92E634346-230x195.jpeg 230w, https:\/\/blogs.correiobraziliense.com.br\/capital-sa\/wp-content\/uploads\/sites\/59\/2024\/11\/3229E002-8F51-4D3F-9E5E-D0B92E634346.jpeg 879w\" sizes=\"auto, (max-width: 300px) 100vw, 300px\" \/><\/p>\n<p class=\"p1\"><strong><span class=\"s1\">Cidadania e conectividade<\/span><\/strong><\/p>\n<p class=\"p1\"><span class=\"s1\">Ainda no Painel Telebrasil, o ministro das Comunica\u00e7\u00f5es, Juscelino Filho, refor\u00e7ou que o setor tem um papel fundamental na vida das pessoas. \u201cEle \u00e9 essencial para o exerc\u00edcio da cidadania, porque permite o acesso a servi\u00e7os digitais e privados. Todos dependem da conectividade\u201d, destacou. <\/span><\/p>\n<p class=\"p1\"><strong><span class=\"s1\">Cobran\u00e7a \u00e0 Aneel<\/span><\/strong><\/p>\n<p class=\"p1\"><span class=\"s1\">O ministro aproveitou o encontro para cobrar celeridade da Aneel na aprova\u00e7\u00e3o do regulamento de compartilhamento de postes entre empresas de energia el\u00e9trica e de telecomunica\u00e7\u00f5es. Em julho, a Aneel extinguiu o processo da regulamenta\u00e7\u00e3o conjunta com a Anatel.<\/span><\/p>\n<p><img loading=\"lazy\" decoding=\"async\" class=\"aligncenter size-medium wp-image-17713\" src=\"https:\/\/blogs.correiobraziliense.com.br\/capital-sa\/wp-content\/uploads\/sites\/59\/2024\/11\/83E5BB34-5FF1-45A8-A2C7-956205312788-300x204.jpeg\" alt=\"\" width=\"300\" height=\"204\" srcset=\"https:\/\/blogs.correiobraziliense.com.br\/capital-sa\/wp-content\/uploads\/sites\/59\/2024\/11\/83E5BB34-5FF1-45A8-A2C7-956205312788-300x204.jpeg 300w, https:\/\/blogs.correiobraziliense.com.br\/capital-sa\/wp-content\/uploads\/sites\/59\/2024\/11\/83E5BB34-5FF1-45A8-A2C7-956205312788-550x374.jpeg 550w, https:\/\/blogs.correiobraziliense.com.br\/capital-sa\/wp-content\/uploads\/sites\/59\/2024\/11\/83E5BB34-5FF1-45A8-A2C7-956205312788-230x156.jpeg 230w, https:\/\/blogs.correiobraziliense.com.br\/capital-sa\/wp-content\/uploads\/sites\/59\/2024\/11\/83E5BB34-5FF1-45A8-A2C7-956205312788.jpeg 596w\" sizes=\"auto, (max-width: 300px) 100vw, 300px\" \/><\/p>\n<p>&nbsp;<\/p>\n<blockquote>\n<p class=\"p2\"><span class=\"s1\"><span class=\"Apple-converted-space\">\u00a0<\/span>\u201cA Anatel fez um debate profundo em paralelo com a Aneel, aprovou uma resolu\u00e7\u00e3o, mas infelizmente os conselheiros da Aneel ainda n\u00e3o compreenderam a import\u00e2ncia e o tamanho desse problema e o quanto eles poderiam ter ajudado se eles j\u00e1 tivessem aprovado essa resolu\u00e7\u00e3o\u201d, apontou o ministro.<\/span><\/p>\n<\/blockquote>\n<p class=\"p1\"><strong><span class=\"s1\">Inclus\u00e3o na al\u00edquota de cashback <\/span><\/strong><\/p>\n<p class=\"p1\"><span class=\"s1\">Outro assunto que movimentou o evento foi a reforma tribut\u00e1ria. O relator na C\u00e2mara dos Deputados do projeto de regulamenta\u00e7\u00e3o do texto, deputado Reginaldo Lopes (PT-MG), afirmou que vai apoiar a inclus\u00e3o de telecomunica\u00e7\u00f5es na mesma al\u00edquota de cashback aprovada para energia el\u00e9trica, \u00e1gua, esgoto e g\u00e1s natural. A mudan\u00e7a foi acolhida no relat\u00f3rio da Comiss\u00e3o de Assuntos Econ\u00f4micos (CAE) do Senado Federal.<\/span><\/p>\n<p class=\"p1\"><span class=\"s1\">O<span class=\"Apple-converted-space\">\u00a0 <\/span>presidente executivo da Conexis Brasil Digital, Marcos Ferrari, lembrou no debate que o atendimento ao pleito do setor n\u00e3o impacta nas al\u00edquotas j\u00e1 definidas na reforma. \u201cO c\u00e1lculo que fizemos mostra que o impacto na al\u00edquota geral \u00e9 nulo de colocar o cashback para telecom em 100% da CBS (Contribui\u00e7\u00e3o sobre Bens e Servi\u00e7os) e 20% do IBS (Imposto sobre Bens e Servi\u00e7os).<\/span><\/p>\n","protected":false},"excerpt":{"rendered":"<p>Evento teve a presen\u00e7a do ministro das Comunica\u00e7\u00f5es, que fez critica aos conselheiros da Aneel\u00a0 Por Samanta Sallum\u00a0 O evento Painel Telebrasil marcou 50 anos, em Bras\u00edlia, com dois dias de intensos debates que reuniram os principais nomes do setor de conectividade e inova\u00e7\u00e3o do pa\u00eds. No encontro, o presidente da Telebrasil e CEO da Vivo, Christian Gebara, afirmou que [&hellip;]<\/p>\n","protected":false},"author":125,"featured_media":17710,"comment_status":"open","ping_status":"open","sticky":false,"template":"","format":"standard","meta":{"footnotes":""},"categories":[6],"tags":[1191,1625,2606,2573,2605,2537,2607,2572,2608,2610,2603,629,2609,1322,2604,2602,886,1325,882],"class_list":["post-17705","post","type-post","status-publish","format-standard","has-post-thumbnail","hentry","category-coluna-capital-s-a","tag-anatel","tag-aneel","tag-carlosbaigorri","tag-cbs","tag-christiangebara","tag-cidadania","tag-conectividade","tag-ibs","tag-juscelinofilho","tag-marcosferrari","tag-ministeriodascomunicacoes","tag-reformatributaria","tag-reginaldolopes","tag-senadofederal","tag-telebrasil","tag-telecom","tag-telecomunicacoes","tag-tributacao","tag-vivo"],"_links":{"self":[{"href":"https:\/\/blogs.correiobraziliense.com.br\/capital-sa\/wp-json\/wp\/v2\/posts\/17705","targetHints":{"allow":["GET"]}}],"collection":[{"href":"https:\/\/blogs.correiobraziliense.com.br\/capital-sa\/wp-json\/wp\/v2\/posts"}],"about":[{"href":"https:\/\/blogs.correiobraziliense.com.br\/capital-sa\/wp-json\/wp\/v2\/types\/post"}],"author":[{"embeddable":true,"href":"https:\/\/blogs.correiobraziliense.com.br\/capital-sa\/wp-json\/wp\/v2\/users\/125"}],"replies":[{"embeddable":true,"href":"https:\/\/blogs.correiobraziliense.com.br\/capital-sa\/wp-json\/wp\/v2\/comments?post=17705"}],"version-history":[{"count":11,"href":"https:\/\/blogs.correiobraziliense.com.br\/capital-sa\/wp-json\/wp\/v2\/posts\/17705\/revisions"}],"predecessor-version":[{"id":17722,"href":"https:\/\/blogs.correiobraziliense.com.br\/capital-sa\/wp-json\/wp\/v2\/posts\/17705\/revisions\/17722"}],"wp:featuredmedia":[{"embeddable":true,"href":"https:\/\/blogs.correiobraziliense.com.br\/capital-sa\/wp-json\/wp\/v2\/media\/17710"}],"wp:attachment":[{"href":"https:\/\/blogs.correiobraziliense.com.br\/capital-sa\/wp-json\/wp\/v2\/media?parent=17705"}],"wp:term":[{"taxonomy":"category","embeddable":true,"href":"https:\/\/blogs.correiobraziliense.com.br\/capital-sa\/wp-json\/wp\/v2\/categories?post=17705"},{"taxonomy":"post_tag","embeddable":true,"href":"https:\/\/blogs.correiobraziliense.com.br\/capital-sa\/wp-json\/wp\/v2\/tags?post=17705"}],"curies":[{"name":"wp","href":"https:\/\/api.w.org\/{rel}","templated":true}]}}