{"id":17656,"date":"2024-11-04T14:25:24","date_gmt":"2024-11-04T17:25:24","guid":{"rendered":"https:\/\/blogs.correiobraziliense.com.br\/capital-sa\/?p=17656"},"modified":"2024-11-04T16:59:14","modified_gmt":"2024-11-04T19:59:14","slug":"vanessa-giacomo-fecha-parceria-com-marca-brasiliense-de-biscoitos-artesanais","status":"publish","type":"post","link":"https:\/\/blogs.correiobraziliense.com.br\/capital-sa\/2024\/11\/04\/vanessa-giacomo-fecha-parceria-com-marca-brasiliense-de-biscoitos-artesanais\/","title":{"rendered":"Vanessa Gi\u00e1como fecha parceria com marca brasiliense de biscoitos artesanais"},"content":{"rendered":"<p><em>Atriz se associou \u00e0 marca cuja f\u00e1brica fica em Vicente Pires e hoje tem 22 pontos de revenda em S\u00e3o Paulo e no Rio de Janeiro, al\u00e9m do DF\u00a0<\/em><\/p>\n<p><strong>Por Samanta Sallum<\/strong><\/p>\n<p class=\"p1\"><span class=\"s1\">A Dom Casero, marca de biscoitos finos artesanais e de chocolates que nasceu em Bras\u00edlia, comandada pelos tr\u00eas s\u00f3cios Denis Carvalho, Danilo Carvalho e Tatiane Freitas, est\u00e1 em expans\u00e3o. Alcan\u00e7ou 22 pontos de venda entre Bras\u00edlia, Rio de Janeiro e S\u00e3o Paulo. E celebra essa posi\u00e7\u00e3o com um grande investimento na campanha de Natal. A atriz Vanessa Gi\u00e1como, embaixadora da marca, est\u00e1 em Bras\u00edlia promovendo a linha de produtos natalinos.<\/span><\/p>\n<p><span class=\"s1\">Amanh\u00e3, Vanessa Gi\u00e1como estar\u00e1 no lan\u00e7amento da Campanha no ParkShopping, <\/span><span class=\"s2\">\u00e0s 15h<\/span><span class=\"s1\">. Ela visitou a f\u00e1brica em Vicente Pires, inaugurada em 2010.<\/span><\/p>\n<p><strong><img loading=\"lazy\" decoding=\"async\" class=\"aligncenter size-medium wp-image-17663\" src=\"https:\/\/blogs.correiobraziliense.com.br\/capital-sa\/wp-content\/uploads\/sites\/59\/2024\/11\/F24B03D6-60D0-4D43-99BD-56E895401E0F-300x234.jpeg\" alt=\"\" width=\"300\" height=\"234\" srcset=\"https:\/\/blogs.correiobraziliense.com.br\/capital-sa\/wp-content\/uploads\/sites\/59\/2024\/11\/F24B03D6-60D0-4D43-99BD-56E895401E0F-300x234.jpeg 300w, https:\/\/blogs.correiobraziliense.com.br\/capital-sa\/wp-content\/uploads\/sites\/59\/2024\/11\/F24B03D6-60D0-4D43-99BD-56E895401E0F-768x599.jpeg 768w, https:\/\/blogs.correiobraziliense.com.br\/capital-sa\/wp-content\/uploads\/sites\/59\/2024\/11\/F24B03D6-60D0-4D43-99BD-56E895401E0F-1024x799.jpeg 1024w, https:\/\/blogs.correiobraziliense.com.br\/capital-sa\/wp-content\/uploads\/sites\/59\/2024\/11\/F24B03D6-60D0-4D43-99BD-56E895401E0F-800x624.jpeg 800w, https:\/\/blogs.correiobraziliense.com.br\/capital-sa\/wp-content\/uploads\/sites\/59\/2024\/11\/F24B03D6-60D0-4D43-99BD-56E895401E0F-550x429.jpeg 550w, https:\/\/blogs.correiobraziliense.com.br\/capital-sa\/wp-content\/uploads\/sites\/59\/2024\/11\/F24B03D6-60D0-4D43-99BD-56E895401E0F-230x179.jpeg 230w, https:\/\/blogs.correiobraziliense.com.br\/capital-sa\/wp-content\/uploads\/sites\/59\/2024\/11\/F24B03D6-60D0-4D43-99BD-56E895401E0F.jpeg 1046w\" sizes=\"auto, (max-width: 300px) 100vw, 300px\" \/><\/strong><\/p>\n<p>Das feiras para os shoppings<\/p>\n<p class=\"p1\"><span class=\"s1\">A fam\u00edlia de Tatiane j\u00e1 tinha uma f\u00e1brica em Recife. Ao se mudar para Bras\u00edlia, em 2006, come\u00e7ou a produzir e vender, em feiras daqui, o bolo de rolo e bolo de goma. O sucesso a fez aumentar em grande escala a linha de produtos e a abrir a pr\u00f3pria f\u00e1brica. E das feiras ganharam os shoppings. &#8221;Somos os precursores no Brasil na venda de biscoitos finos em shoppings&#8221;, contou.<\/span><\/p>\n<p>&nbsp;<\/p>\n<p>&nbsp;<\/p>\n<p>&nbsp;<\/p>\n","protected":false},"excerpt":{"rendered":"<p>Atriz se associou \u00e0 marca cuja f\u00e1brica fica em Vicente Pires e hoje tem 22 pontos de revenda em S\u00e3o Paulo e no Rio de Janeiro, al\u00e9m do DF\u00a0 Por Samanta Sallum A Dom Casero, marca de biscoitos finos artesanais e de chocolates que nasceu em Bras\u00edlia, comandada pelos tr\u00eas s\u00f3cios Denis Carvalho, Danilo Carvalho e Tatiane Freitas, est\u00e1 em [&hellip;]<\/p>\n","protected":false},"author":125,"featured_media":17667,"comment_status":"open","ping_status":"open","sticky":false,"template":"","format":"standard","meta":{"footnotes":""},"categories":[6],"tags":[2595,2596,276,756,2594],"class_list":["post-17656","post","type-post","status-publish","format-standard","has-post-thumbnail","hentry","category-coluna-capital-s-a","tag-biscoitoartesanal","tag-domcasero","tag-economia","tag-parceria","tag-vanessagiacomo"],"_links":{"self":[{"href":"https:\/\/blogs.correiobraziliense.com.br\/capital-sa\/wp-json\/wp\/v2\/posts\/17656","targetHints":{"allow":["GET"]}}],"collection":[{"href":"https:\/\/blogs.correiobraziliense.com.br\/capital-sa\/wp-json\/wp\/v2\/posts"}],"about":[{"href":"https:\/\/blogs.correiobraziliense.com.br\/capital-sa\/wp-json\/wp\/v2\/types\/post"}],"author":[{"embeddable":true,"href":"https:\/\/blogs.correiobraziliense.com.br\/capital-sa\/wp-json\/wp\/v2\/users\/125"}],"replies":[{"embeddable":true,"href":"https:\/\/blogs.correiobraziliense.com.br\/capital-sa\/wp-json\/wp\/v2\/comments?post=17656"}],"version-history":[{"count":9,"href":"https:\/\/blogs.correiobraziliense.com.br\/capital-sa\/wp-json\/wp\/v2\/posts\/17656\/revisions"}],"predecessor-version":[{"id":17673,"href":"https:\/\/blogs.correiobraziliense.com.br\/capital-sa\/wp-json\/wp\/v2\/posts\/17656\/revisions\/17673"}],"wp:featuredmedia":[{"embeddable":true,"href":"https:\/\/blogs.correiobraziliense.com.br\/capital-sa\/wp-json\/wp\/v2\/media\/17667"}],"wp:attachment":[{"href":"https:\/\/blogs.correiobraziliense.com.br\/capital-sa\/wp-json\/wp\/v2\/media?parent=17656"}],"wp:term":[{"taxonomy":"category","embeddable":true,"href":"https:\/\/blogs.correiobraziliense.com.br\/capital-sa\/wp-json\/wp\/v2\/categories?post=17656"},{"taxonomy":"post_tag","embeddable":true,"href":"https:\/\/blogs.correiobraziliense.com.br\/capital-sa\/wp-json\/wp\/v2\/tags?post=17656"}],"curies":[{"name":"wp","href":"https:\/\/api.w.org\/{rel}","templated":true}]}}