{"id":17636,"date":"2024-11-01T14:02:17","date_gmt":"2024-11-01T17:02:17","guid":{"rendered":"https:\/\/blogs.correiobraziliense.com.br\/capital-sa\/?p=17636"},"modified":"2024-11-04T16:45:43","modified_gmt":"2024-11-04T19:45:43","slug":"queimadas-em-pastos-inflacionam-preco-das-carnes-e-da-cesta-basica","status":"publish","type":"post","link":"https:\/\/blogs.correiobraziliense.com.br\/capital-sa\/2024\/11\/01\/queimadas-em-pastos-inflacionam-preco-das-carnes-e-da-cesta-basica\/","title":{"rendered":"Queimadas em pastos inflacionam pre\u00e7o das carnes e da cesta b\u00e1sica"},"content":{"rendered":"<div class=\"gmail_quote\"><em><span style=\"font-size: large\">Por Samanta Sallum\u00a0<\/span><\/em><\/div>\n<div class=\"gmail_quote\"><em><span style=\"font-size: large\"><br \/>\n<\/span><\/em>O valor da cesta b\u00e1sica passou de R$ 732,82 para R$ 739,44. No acumulado do ano, a alta \u00e9 de 2,4%.\u00a0<span style=\"font-size: large\"><span style=\"font-size: large\">Prote\u00edna animal e produtos b\u00e1sicos foram os principais itens que elevaram os pre\u00e7os. A alta em rela\u00e7\u00e3o \u00e0s carnes se deve \u00e0 redu\u00e7\u00e3o do pasto com as queimadas pelo pa\u00eds, ocorridas em agosto e setembro, e ao aumento nas exporta\u00e7\u00f5es.<\/span><\/span>&nbsp;<\/p>\n<\/div>\n<div><\/div>\n<div class=\"gmail_quote\">\n<p>Esse cen\u00e1rio\u00a0<span style=\"font-size: large\">n\u00e3o impediu que o consumo nos lares brasileiros crescesse 0,95% em setembro, ante o mesmo per\u00edodo do ano anterior (set, 24 x set, 23), de acordo com o monitoramento mensal da Associa\u00e7\u00e3o Brasileira de Supermercados (ABRAS).<br \/>\n<\/span><\/p>\n<p><span style=\"font-size: large\">No acumulado do ano, o indicador tem alta de 2,52% e permanece alinhado \u00e0s proje\u00e7\u00f5es do setor de crescimento de 2,50% em 2024.<\/span><\/p>\n<p>\u201cA acelera\u00e7\u00e3o da infla\u00e7\u00e3o oficial em setembro tem reflexos na cesta de abastecimento do lar. Fatores clim\u00e1ticos (queimadas e estiagem prolongada) n\u00e3o s\u00f3 pressionaram os pre\u00e7os dos alimentos como as carnes e as frutas, mas tamb\u00e9m elevaram os pre\u00e7os da energia el\u00e9trica, exigindo do consumidor mais equil\u00edbrio no or\u00e7amento dom\u00e9stico\u201d, analisou o vice-presidente da ABRAS, Marcio Milan.<\/p>\n<\/div>\n<div class=\"gmail_quote\"><strong>Bens dur\u00e1veis sentem o impacto dos juros\u00a0<\/strong><\/div>\n<div class=\"gmail_quote\"><span style=\"font-size: large\"><br \/>\nA press\u00e3o inflacion\u00e1ria, somada \u00e0 manuten\u00e7\u00e3o do ciclo de aumentos da taxa Selic, est\u00e1 limitando o crescimento do consumo e do potencial de investimento do com\u00e9rcio no Brasil, segundo a Confedera\u00e7\u00e3o do Com\u00e9rcio.<br \/>\n<\/span><\/div>\n<div><\/div>\n<div class=\"gmail_quote\"><span style=\"font-size: large\">O<\/span>\u00a0segmento de bens dur\u00e1veis, como eletr\u00f4nicos e ve\u00edculos, em outubro, foi o mais afetado pelos juros elevados, provocando uma queda de 0,8% na confian\u00e7a dos comerciantes, em outubro. Ainda assim, as expectativas para o setor cresceram 1,2%, o maior aumento entre os grupos analisados. No com\u00e9rcio de bens essenciais, como supermercados e farm\u00e1cias, a confian\u00e7a caiu 0,4%, refletindo as press\u00f5es inflacion\u00e1rias.<\/div>\n<div class=\"gmail_quote\"><\/div>\n<div class=\"gmail_quote\"><span style=\"font-size: large\">Ciclo de quedas<\/span><\/div>\n<div class=\"gmail_quote\"><span style=\"font-size: large\">\u00a0<\/span><\/div>\n<div class=\"gmail_quote\">\n<p><span style=\"font-size: large\">O \u00cdndice de Confian\u00e7a do Empres\u00e1rio do Com\u00e9rcio (Icec), de forma geral, marcou 112,2 pontos em outubro, mantendo-se est\u00e1vel em rela\u00e7\u00e3o a setembro e interrompendo uma sequ\u00eancia de cinco quedas. Comparado a outubro do ano passado, houve uma leve retra\u00e7\u00e3o de 0,5%, a menor redu\u00e7\u00e3o desde julho.<\/span><\/p>\n<p>&nbsp;<\/p>\n<\/div>\n","protected":false},"excerpt":{"rendered":"<p>Por Samanta Sallum\u00a0 O valor da cesta b\u00e1sica passou de R$ 732,82 para R$ 739,44. No acumulado do ano, a alta \u00e9 de 2,4%.\u00a0Prote\u00edna animal e produtos b\u00e1sicos foram os principais itens que elevaram os pre\u00e7os. A alta em rela\u00e7\u00e3o \u00e0s carnes se deve \u00e0 redu\u00e7\u00e3o do pasto com as queimadas pelo pa\u00eds, ocorridas em agosto e setembro, e ao [&hellip;]<\/p>\n","protected":false},"author":125,"featured_media":17642,"comment_status":"open","ping_status":"open","sticky":false,"template":"","format":"standard","meta":{"footnotes":""},"categories":[6],"tags":[1827,1457,1981,336,1423,2591,10,791],"class_list":["post-17636","post","type-post","status-publish","format-standard","has-post-thumbnail","hentry","category-coluna-capital-s-a","tag-abras","tag-alimentacao","tag-cestabasica","tag-consumo","tag-icec","tag-marciomilan","tag-comercio","tag-inflacao"],"_links":{"self":[{"href":"https:\/\/blogs.correiobraziliense.com.br\/capital-sa\/wp-json\/wp\/v2\/posts\/17636","targetHints":{"allow":["GET"]}}],"collection":[{"href":"https:\/\/blogs.correiobraziliense.com.br\/capital-sa\/wp-json\/wp\/v2\/posts"}],"about":[{"href":"https:\/\/blogs.correiobraziliense.com.br\/capital-sa\/wp-json\/wp\/v2\/types\/post"}],"author":[{"embeddable":true,"href":"https:\/\/blogs.correiobraziliense.com.br\/capital-sa\/wp-json\/wp\/v2\/users\/125"}],"replies":[{"embeddable":true,"href":"https:\/\/blogs.correiobraziliense.com.br\/capital-sa\/wp-json\/wp\/v2\/comments?post=17636"}],"version-history":[{"count":8,"href":"https:\/\/blogs.correiobraziliense.com.br\/capital-sa\/wp-json\/wp\/v2\/posts\/17636\/revisions"}],"predecessor-version":[{"id":17669,"href":"https:\/\/blogs.correiobraziliense.com.br\/capital-sa\/wp-json\/wp\/v2\/posts\/17636\/revisions\/17669"}],"wp:featuredmedia":[{"embeddable":true,"href":"https:\/\/blogs.correiobraziliense.com.br\/capital-sa\/wp-json\/wp\/v2\/media\/17642"}],"wp:attachment":[{"href":"https:\/\/blogs.correiobraziliense.com.br\/capital-sa\/wp-json\/wp\/v2\/media?parent=17636"}],"wp:term":[{"taxonomy":"category","embeddable":true,"href":"https:\/\/blogs.correiobraziliense.com.br\/capital-sa\/wp-json\/wp\/v2\/categories?post=17636"},{"taxonomy":"post_tag","embeddable":true,"href":"https:\/\/blogs.correiobraziliense.com.br\/capital-sa\/wp-json\/wp\/v2\/tags?post=17636"}],"curies":[{"name":"wp","href":"https:\/\/api.w.org\/{rel}","templated":true}]}}