{"id":1761,"date":"2021-02-09T08:35:51","date_gmt":"2021-02-09T11:35:51","guid":{"rendered":"https:\/\/blogs.correiobraziliense.com.br\/capital-sa\/?p=1761"},"modified":"2021-02-09T10:28:21","modified_gmt":"2021-02-09T13:28:21","slug":"terracap-vai-ampliar-pontao-e-revitalizar-autodromo","status":"publish","type":"post","link":"https:\/\/blogs.correiobraziliense.com.br\/capital-sa\/2021\/02\/09\/terracap-vai-ampliar-pontao-e-revitalizar-autodromo\/","title":{"rendered":"Terracap vai ampliar Pont\u00e3o e revitalizar Aut\u00f3dromo"},"content":{"rendered":"<p>Depois das concess\u00f5es da Torre Digital e do Est\u00e1dio Man\u00e9 Garrincha, a Terracap tem novos neg\u00f3cios em andamento para assinatura em 2021. Entre eles, remodelar o Pont\u00e3o do Lago Sul e reativar o Aut\u00f3dromo Internacional de Bras\u00edlia.<\/p>\n<p>O novo projeto para o Pont\u00e3o do Lago Sul vai ampliar as opera\u00e7\u00f5es comerciais com aproveitamento da \u00e1rea do empreendimento em decorr\u00eancia dos usos e das ocupa\u00e7\u00f5es legais da orla do Lago Parano\u00e1. O objetivo \u00e9 garantir mais sustentabilidade de receitas em longo prazo.<\/p>\n<p>A meta \u00e9 gerar 1,2 mil postos de trabalho diretos e 3 mil indiretos, com a promo\u00e7\u00e3o de novas opera\u00e7\u00f5es na \u00e1rea.<\/p>\n<p><strong>Concess\u00e3o at\u00e9 2026<\/strong><\/p>\n<p>Desde 2002, a empresa EMSA tem a concess\u00e3o para explorar comercialmente o local, que \u00e9 um dos principais pontos de lazer e tur\u00edsticos da capital. O contrato tem validade at\u00e9 2026. A Terracap e a EMSA est\u00e3o em tratativas, agora, para a remodela\u00e7\u00e3o do Pont\u00e3o.<\/p>\n<p><strong>Deteriorado e ocioso<\/strong><\/p>\n<p>O Aut\u00f3dromo Internacional de Bras\u00edlia possui \u00e1rea de aproximadamente 670 mil m\u00b2 e j\u00e1 sediou competi\u00e7\u00f5es nacionais e regionais, como motovelocidade, F-3, F-Renault, F\u00f3rmula Truck, Stock Car; e eventos especiais, como shows art\u00edsticos. Mas est\u00e1 deteriorado e ocioso.<\/p>\n<p>A Terracap pretende, este ano, reformar o espa\u00e7o e buscar parceria na iniciativa privada para reativ\u00e1-lo como\u00a0um grande complexo de eventos.<\/p>\n<p><img loading=\"lazy\" decoding=\"async\" class=\"aligncenter size-medium wp-image-1767\" src=\"https:\/\/blogs.correiobraziliense.com.br\/capital-sa\/wp-content\/uploads\/sites\/59\/2021\/02\/4A370F24-F8EB-479E-AFFC-60BA087E605D-300x281.jpeg\" alt=\"\" width=\"300\" height=\"281\" srcset=\"https:\/\/blogs.correiobraziliense.com.br\/capital-sa\/wp-content\/uploads\/sites\/59\/2021\/02\/4A370F24-F8EB-479E-AFFC-60BA087E605D.jpeg 300w, https:\/\/blogs.correiobraziliense.com.br\/capital-sa\/wp-content\/uploads\/sites\/59\/2021\/02\/4A370F24-F8EB-479E-AFFC-60BA087E605D-230x215.jpeg 230w\" sizes=\"auto, (max-width: 300px) 100vw, 300px\" \/><\/p>\n<p>&nbsp;<\/p>\n<blockquote><p><strong><em>&#8220;Em 2021, queremos al\u00e7ar novos voos com parcerias p\u00fablico-privadas. No Parque Tecnol\u00f3gico, por exemplo,\u00a0<\/em><\/strong><strong><em>para receber investimentos internacionais. E vamos tamb\u00e9m revitalizar o aut\u00f3dromo para receber corridas, que h\u00e1 tempos n\u00e3o vemos por aqui.\u201d<\/em><\/strong><\/p>\n<p>adiantou o presidente da Terracap,<strong>\u00a0Izidio Santos.<\/strong><\/p><\/blockquote>\n<p>&nbsp;<\/p>\n<p><strong>Moradia popular<\/strong><\/p>\n<p>Izidio afirma ainda que neste ano o maior investimento ser\u00e1 em moradia. \u201cSeja por venda direta, seja por licita\u00e7\u00e3o ou por doa\u00e7\u00e3o de lotes para moradia popular. Somos uma ag\u00eancia de desenvolvimento e esse \u00e9 nosso lema, crescer junto do DF.\u201d<\/p>\n<p>&nbsp;<\/p>\n","protected":false},"excerpt":{"rendered":"<p>Depois das concess\u00f5es da Torre Digital e do Est\u00e1dio Man\u00e9 Garrincha, a Terracap tem novos neg\u00f3cios em andamento para assinatura em 2021. Entre eles, remodelar o Pont\u00e3o do Lago Sul e reativar o Aut\u00f3dromo Internacional de Bras\u00edlia. O novo projeto para o Pont\u00e3o do Lago Sul vai ampliar as opera\u00e7\u00f5es comerciais com aproveitamento da \u00e1rea do empreendimento em decorr\u00eancia dos [&hellip;]<\/p>\n","protected":false},"author":125,"featured_media":0,"comment_status":"open","ping_status":"open","sticky":false,"template":"","format":"standard","meta":{"footnotes":""},"categories":[1],"tags":[],"class_list":["post-1761","post","type-post","status-publish","format-standard","hentry","category-sem-categoria"],"_links":{"self":[{"href":"https:\/\/blogs.correiobraziliense.com.br\/capital-sa\/wp-json\/wp\/v2\/posts\/1761","targetHints":{"allow":["GET"]}}],"collection":[{"href":"https:\/\/blogs.correiobraziliense.com.br\/capital-sa\/wp-json\/wp\/v2\/posts"}],"about":[{"href":"https:\/\/blogs.correiobraziliense.com.br\/capital-sa\/wp-json\/wp\/v2\/types\/post"}],"author":[{"embeddable":true,"href":"https:\/\/blogs.correiobraziliense.com.br\/capital-sa\/wp-json\/wp\/v2\/users\/125"}],"replies":[{"embeddable":true,"href":"https:\/\/blogs.correiobraziliense.com.br\/capital-sa\/wp-json\/wp\/v2\/comments?post=1761"}],"version-history":[{"count":6,"href":"https:\/\/blogs.correiobraziliense.com.br\/capital-sa\/wp-json\/wp\/v2\/posts\/1761\/revisions"}],"predecessor-version":[{"id":1771,"href":"https:\/\/blogs.correiobraziliense.com.br\/capital-sa\/wp-json\/wp\/v2\/posts\/1761\/revisions\/1771"}],"wp:attachment":[{"href":"https:\/\/blogs.correiobraziliense.com.br\/capital-sa\/wp-json\/wp\/v2\/media?parent=1761"}],"wp:term":[{"taxonomy":"category","embeddable":true,"href":"https:\/\/blogs.correiobraziliense.com.br\/capital-sa\/wp-json\/wp\/v2\/categories?post=1761"},{"taxonomy":"post_tag","embeddable":true,"href":"https:\/\/blogs.correiobraziliense.com.br\/capital-sa\/wp-json\/wp\/v2\/tags?post=1761"}],"curies":[{"name":"wp","href":"https:\/\/api.w.org\/{rel}","templated":true}]}}