{"id":17596,"date":"2024-10-28T17:32:57","date_gmt":"2024-10-28T20:32:57","guid":{"rendered":"https:\/\/blogs.correiobraziliense.com.br\/capital-sa\/?p=17596"},"modified":"2024-10-29T11:06:05","modified_gmt":"2024-10-29T14:06:05","slug":"cae-do-senado-reivindica-participacao-na-reforma-tributaria-e-apresenta-relatorio","status":"publish","type":"post","link":"https:\/\/blogs.correiobraziliense.com.br\/capital-sa\/2024\/10\/28\/cae-do-senado-reivindica-participacao-na-reforma-tributaria-e-apresenta-relatorio\/","title":{"rendered":"CAE do Senado reivindica participa\u00e7\u00e3o na reforma tribut\u00e1ria e apresenta relat\u00f3rio"},"content":{"rendered":"<p><em>Ser\u00e3o apresentadas 80 altera\u00e7\u00f5es ao projeto j\u00e1 aprovado pelos deputados federais. Uma delas se refere ao setor da constru\u00e7\u00e3o e imobili\u00e1rio. Aumenta o redutor de 60% para constru\u00e7\u00e3o e 80% para loca\u00e7\u00e3o<\/em><\/p>\n<p class=\"p1\"><strong>Por Samanta Sallum<\/strong><\/p>\n<p class=\"p1\"><span class=\"s1\">O senador Izalci Lucas (PL\/DF) apresenta nesta ter\u00e7a-feira o relat\u00f3rio final do grupo de trabalho criado na Comiss\u00e3o de Assuntos Econ\u00f4micos (CAE) do Senado sobre a regulamenta\u00e7\u00e3o da Reforma Tribut\u00e1ria. Ele acatou diversas sugest\u00f5es do setor produtivo de altera\u00e7\u00e3o ao texto aprovado j\u00e1 na Camara dos Deputados. A comiss\u00e3o est\u00e1 tentando ter algum protagonismo no debate, j\u00e1 que o presidente da Casa, Rodrigo Pacheco (PSD\/MG), delegou a aprecia\u00e7\u00e3o do texto, antes de ir a plen\u00e1rio, apenas \u00e0 CCJ.<\/span><\/p>\n<p class=\"p1\"><span class=\"s1\"> \u201cN\u00f3s j\u00e1 realizamos mais de 20 audi\u00eancias p\u00fablicas, ouvindo os mais diversos setores afetados pela reforma. \u00c9 uma contribui\u00e7\u00e3o importante que merece ser reconhecida e agregada ao debate. As audi\u00eancias, que a CCJ divulgou agora que vai fazer, n\u00f3s j\u00e1 fizemos na CAE\u201d, disse Izalci \u00e0 coluna.<\/span><\/p>\n<p>O relat\u00f3rio final tem 500 p\u00e1ginas e apresenta 80 altera\u00e7\u00f5es ao PLP 68\/24.\u00a0<span class=\"s1\">Uma das altera\u00e7\u00f5es se refere ao setor da Constru\u00e7\u00e3o e\u00a0<\/span><span class=\"s1\">imobili\u00e1rio. Aumenta o Redutor de 60% para constru\u00e7\u00e3o e 80% para loca\u00e7\u00e3o<\/span><\/p>\n","protected":false},"excerpt":{"rendered":"<p>Ser\u00e3o apresentadas 80 altera\u00e7\u00f5es ao projeto j\u00e1 aprovado pelos deputados federais. Uma delas se refere ao setor da constru\u00e7\u00e3o e imobili\u00e1rio. Aumenta o redutor de 60% para constru\u00e7\u00e3o e 80% para loca\u00e7\u00e3o Por Samanta Sallum O senador Izalci Lucas (PL\/DF) apresenta nesta ter\u00e7a-feira o relat\u00f3rio final do grupo de trabalho criado na Comiss\u00e3o de Assuntos Econ\u00f4micos (CAE) do Senado sobre [&hellip;]<\/p>\n","protected":false},"author":125,"featured_media":17599,"comment_status":"open","ping_status":"open","sticky":false,"template":"","format":"standard","meta":{"footnotes":""},"categories":[6],"tags":[2523,276,1506,2146,2520,2581,629,1097],"class_list":["post-17596","post","type-post","status-publish","format-standard","has-post-thumbnail","hentry","category-coluna-capital-s-a","tag-camaradosdeputados","tag-economia","tag-izalci","tag-izalcilucas","tag-pl-df","tag-psd-mg","tag-reformatributaria","tag-rodrigopacheco"],"_links":{"self":[{"href":"https:\/\/blogs.correiobraziliense.com.br\/capital-sa\/wp-json\/wp\/v2\/posts\/17596","targetHints":{"allow":["GET"]}}],"collection":[{"href":"https:\/\/blogs.correiobraziliense.com.br\/capital-sa\/wp-json\/wp\/v2\/posts"}],"about":[{"href":"https:\/\/blogs.correiobraziliense.com.br\/capital-sa\/wp-json\/wp\/v2\/types\/post"}],"author":[{"embeddable":true,"href":"https:\/\/blogs.correiobraziliense.com.br\/capital-sa\/wp-json\/wp\/v2\/users\/125"}],"replies":[{"embeddable":true,"href":"https:\/\/blogs.correiobraziliense.com.br\/capital-sa\/wp-json\/wp\/v2\/comments?post=17596"}],"version-history":[{"count":6,"href":"https:\/\/blogs.correiobraziliense.com.br\/capital-sa\/wp-json\/wp\/v2\/posts\/17596\/revisions"}],"predecessor-version":[{"id":17613,"href":"https:\/\/blogs.correiobraziliense.com.br\/capital-sa\/wp-json\/wp\/v2\/posts\/17596\/revisions\/17613"}],"wp:featuredmedia":[{"embeddable":true,"href":"https:\/\/blogs.correiobraziliense.com.br\/capital-sa\/wp-json\/wp\/v2\/media\/17599"}],"wp:attachment":[{"href":"https:\/\/blogs.correiobraziliense.com.br\/capital-sa\/wp-json\/wp\/v2\/media?parent=17596"}],"wp:term":[{"taxonomy":"category","embeddable":true,"href":"https:\/\/blogs.correiobraziliense.com.br\/capital-sa\/wp-json\/wp\/v2\/categories?post=17596"},{"taxonomy":"post_tag","embeddable":true,"href":"https:\/\/blogs.correiobraziliense.com.br\/capital-sa\/wp-json\/wp\/v2\/tags?post=17596"}],"curies":[{"name":"wp","href":"https:\/\/api.w.org\/{rel}","templated":true}]}}