{"id":17590,"date":"2024-10-28T16:52:45","date_gmt":"2024-10-28T19:52:45","guid":{"rendered":"https:\/\/blogs.correiobraziliense.com.br\/capital-sa\/?p=17590"},"modified":"2024-10-28T21:16:02","modified_gmt":"2024-10-29T00:16:02","slug":"ibaneis-e-homem-que-nao-tem-ciumes-diz-celina-leao","status":"publish","type":"post","link":"https:\/\/blogs.correiobraziliense.com.br\/capital-sa\/2024\/10\/28\/ibaneis-e-homem-que-nao-tem-ciumes-diz-celina-leao\/","title":{"rendered":"\u201cIbaneis \u00e9 um homem que n\u00e3o tem ci\u00fames\u201d, diz Celina Le\u00e3o"},"content":{"rendered":"<p class=\"p1\"><strong>Por Samanta Sallum\u00a0<\/strong><\/p>\n<p class=\"p1\"><span class=\"s1\">A vice-governadora do Distrito Federal, Celina Le\u00e3o (PP), representou Ibaneis Rocha (MDB) em evento da Fecom\u00e9rcio em Bras\u00edlia e afirmou: \u00a0\u201cO nosso governador \u00e9 um homem que n\u00e3o tem ci\u00fames, sabe e gosta de compartilhar o poder\u201d.<span class=\"Apple-converted-space\"><br \/>\n<\/span><\/span><\/p>\n<p class=\"p1\"><span class=\"s1\">Celina, nos \u00faltimos meses, viajou muito pelo pa\u00eds, porque estava engajada nas campanhas municipais dos candidatos bolsonaristas. Encerrado a ciclo, agora a dedica\u00e7\u00e3o ser\u00e1 100% ao DF, de olho na cadeira de governadora em 2026. \u201cEu voltei!\u201d, brincou ela, ressaltando o retorno \u00e0 agenda da capital federal.<\/span><\/p>\n<p class=\"p1\"><strong><span class=\"s1\">Obras em andamento <\/span><\/strong><\/p>\n<p class=\"p1\"><span class=\"s1\">Em seu discurso, Celina destacou as trajet\u00f3rias do presidente da Fecom\u00e9rcio Jose Aparecido Freire e da Confedera\u00e7\u00e3o Nacional do Com\u00e9rcio, Jos\u00e9 Roberto Tadros.<br \/>\n<\/span><\/p>\n<p class=\"p1\"><span class=\"s1\">\u201cAmbos s\u00e3o respons\u00e1veis por grandes entregas para a popula\u00e7\u00e3o da cidade, e a constru\u00e7\u00e3o de uma sede definitiva com o nome do presidente Tadros \u00e9 um legado marcante, pois eterniza a contribui\u00e7\u00e3o desse homem para Bras\u00edlia\u201d, afirmou. Atualmente, a CNC est\u00e1 investindo em quatro grandes obras em andamento no DF. <\/span><\/p>\n","protected":false},"excerpt":{"rendered":"<p>Por Samanta Sallum\u00a0 A vice-governadora do Distrito Federal, Celina Le\u00e3o (PP), representou Ibaneis Rocha (MDB) em evento da Fecom\u00e9rcio em Bras\u00edlia e afirmou: \u00a0\u201cO nosso governador \u00e9 um homem que n\u00e3o tem ci\u00fames, sabe e gosta de compartilhar o poder\u201d. Celina, nos \u00faltimos meses, viajou muito pelo pa\u00eds, porque estava engajada nas campanhas municipais dos candidatos bolsonaristas. Encerrado a ciclo, [&hellip;]<\/p>\n","protected":false},"author":125,"featured_media":17594,"comment_status":"open","ping_status":"open","sticky":false,"template":"","format":"standard","meta":{"footnotes":""},"categories":[6],"tags":[1358,275,2580,734,203,642,1040,307],"class_list":["post-17590","post","type-post","status-publish","format-standard","has-post-thumbnail","hentry","category-coluna-capital-s-a","tag-celinaleao","tag-cnc","tag-eleicoes2026","tag-fecomercio-df","tag-gdf","tag-ibaneisrocha","tag-joseaparecidofreire","tag-joserobertotadros"],"_links":{"self":[{"href":"https:\/\/blogs.correiobraziliense.com.br\/capital-sa\/wp-json\/wp\/v2\/posts\/17590","targetHints":{"allow":["GET"]}}],"collection":[{"href":"https:\/\/blogs.correiobraziliense.com.br\/capital-sa\/wp-json\/wp\/v2\/posts"}],"about":[{"href":"https:\/\/blogs.correiobraziliense.com.br\/capital-sa\/wp-json\/wp\/v2\/types\/post"}],"author":[{"embeddable":true,"href":"https:\/\/blogs.correiobraziliense.com.br\/capital-sa\/wp-json\/wp\/v2\/users\/125"}],"replies":[{"embeddable":true,"href":"https:\/\/blogs.correiobraziliense.com.br\/capital-sa\/wp-json\/wp\/v2\/comments?post=17590"}],"version-history":[{"count":7,"href":"https:\/\/blogs.correiobraziliense.com.br\/capital-sa\/wp-json\/wp\/v2\/posts\/17590\/revisions"}],"predecessor-version":[{"id":17603,"href":"https:\/\/blogs.correiobraziliense.com.br\/capital-sa\/wp-json\/wp\/v2\/posts\/17590\/revisions\/17603"}],"wp:featuredmedia":[{"embeddable":true,"href":"https:\/\/blogs.correiobraziliense.com.br\/capital-sa\/wp-json\/wp\/v2\/media\/17594"}],"wp:attachment":[{"href":"https:\/\/blogs.correiobraziliense.com.br\/capital-sa\/wp-json\/wp\/v2\/media?parent=17590"}],"wp:term":[{"taxonomy":"category","embeddable":true,"href":"https:\/\/blogs.correiobraziliense.com.br\/capital-sa\/wp-json\/wp\/v2\/categories?post=17590"},{"taxonomy":"post_tag","embeddable":true,"href":"https:\/\/blogs.correiobraziliense.com.br\/capital-sa\/wp-json\/wp\/v2\/tags?post=17590"}],"curies":[{"name":"wp","href":"https:\/\/api.w.org\/{rel}","templated":true}]}}