{"id":17585,"date":"2024-10-28T16:36:46","date_gmt":"2024-10-28T19:36:46","guid":{"rendered":"https:\/\/blogs.correiobraziliense.com.br\/capital-sa\/?p=17585"},"modified":"2024-10-28T21:09:49","modified_gmt":"2024-10-29T00:09:49","slug":"fecomercio-inaugura-novo-centro-administrativo-na-asa-norte","status":"publish","type":"post","link":"https:\/\/blogs.correiobraziliense.com.br\/capital-sa\/2024\/10\/28\/fecomercio-inaugura-novo-centro-administrativo-na-asa-norte\/","title":{"rendered":"Fecom\u00e9rcio inaugura novo centro administrativo na Asa Norte"},"content":{"rendered":"<p class=\"p2\"><strong>Por Samanta Sallum\u00a0<\/strong><\/p>\n<p class=\"p2\"><span class=\"s1\">Uma noite especial de homenagens \u00e0s lideran\u00e7as da Confedera\u00e7\u00e3o Nacional do Com\u00e9rcio de Bens, Servi\u00e7os e Turismo marcou a inaugura\u00e7\u00e3o da nova sede da Fecom\u00e9rcio\/DF.<span class=\"Apple-converted-space\">\u00a0<\/span>O Centro Administrativo foi batizado com o nome do atual presidente da CNC, Jos\u00e9 Roberto Tadros. Durante a inaugura\u00e7\u00e3o oficial do pr\u00e9dio, situado na 712 Norte, tamb\u00e9m foi homenageada a diretora-geral executiva da CNC, Simone Guimar\u00e3es, a qual teve seu nome dado \u00e0 nova unidade do Sesc-DF, que pela primeira vez ocupa um espa\u00e7o na regi\u00e3o norte de Bras\u00edlia.<br \/>\n<\/span><\/p>\n<p class=\"p2\"><span class=\"s1\">O evento, na sexta-feira, reuniu autoridades locais, representantes e colaboradores do Sistema Com\u00e9rcio de v\u00e1rias partes do Brasil. A vice-governadora do DF, Celina Le\u00e3o, representou o governador Ibaneis Rocha. Tadros<\/span>\u00a0agradeceu \u00e0 homenagem e elogiou a gest\u00e3o de Jos\u00e9 Aparecido Freire. Segundo ele, as entidades do Sistema no DF est\u00e3o cumprindo a finalidade de capacitar trabalhadores como m\u00e3o de obra qualificada por meio do Senac, e garantir a eles acesso a esporte, lazer, cultura, sa\u00fade e educa\u00e7\u00e3o com o Sesc.<\/p>\n<p class=\"p2\">\u201cQuero elogiar a gest\u00e3o do Jos\u00e9 Aparecido. Por isso estamos sempre de m\u00e3os dadas. Ele efetivamente fez um projeto e um plano voltado para o Sistema Fecom\u00e9rcio-DF\u201d, afirmou.<\/p>\n<p class=\"p2\"><span class=\"s1\"><strong>Expans\u00e3o para mais regi\u00f5es do DF<\/strong> <\/span><\/p>\n<p class=\"p2\"><span class=\"s1\">\u201cSeguimos com o planejamento de reforma de todas as unidades e expans\u00e3o do Sistema Fecom\u00e9rcio-DF para regi\u00f5es ainda n\u00e3o atendidas. Tudo isso \u00e9 resultado de uma gest\u00e3o pautada em princ\u00edpios empresariais s\u00f3lidos, da mesma forma que conduzimos nossas pr\u00f3prias empresas,\u201d afirmou o presidente da Fecom\u00e9rcio, Jos\u00e9 Aparecido Freire.<\/span><\/p>\n","protected":false},"excerpt":{"rendered":"<p>Por Samanta Sallum\u00a0 Uma noite especial de homenagens \u00e0s lideran\u00e7as da Confedera\u00e7\u00e3o Nacional do Com\u00e9rcio de Bens, Servi\u00e7os e Turismo marcou a inaugura\u00e7\u00e3o da nova sede da Fecom\u00e9rcio\/DF.\u00a0O Centro Administrativo foi batizado com o nome do atual presidente da CNC, Jos\u00e9 Roberto Tadros. Durante a inaugura\u00e7\u00e3o oficial do pr\u00e9dio, situado na 712 Norte, tamb\u00e9m foi homenageada a diretora-geral executiva da [&hellip;]<\/p>\n","protected":false},"author":125,"featured_media":17587,"comment_status":"open","ping_status":"open","sticky":false,"template":"","format":"standard","meta":{"footnotes":""},"categories":[6],"tags":[1358,275,734,642,1040,307,2414,2579,62],"class_list":["post-17585","post","type-post","status-publish","format-standard","has-post-thumbnail","hentry","category-coluna-capital-s-a","tag-celinaleao","tag-cnc","tag-fecomercio-df","tag-ibaneisrocha","tag-joseaparecidofreire","tag-joserobertotadros","tag-sesc-df","tag-simoneguimaraes","tag-sesc"],"_links":{"self":[{"href":"https:\/\/blogs.correiobraziliense.com.br\/capital-sa\/wp-json\/wp\/v2\/posts\/17585","targetHints":{"allow":["GET"]}}],"collection":[{"href":"https:\/\/blogs.correiobraziliense.com.br\/capital-sa\/wp-json\/wp\/v2\/posts"}],"about":[{"href":"https:\/\/blogs.correiobraziliense.com.br\/capital-sa\/wp-json\/wp\/v2\/types\/post"}],"author":[{"embeddable":true,"href":"https:\/\/blogs.correiobraziliense.com.br\/capital-sa\/wp-json\/wp\/v2\/users\/125"}],"replies":[{"embeddable":true,"href":"https:\/\/blogs.correiobraziliense.com.br\/capital-sa\/wp-json\/wp\/v2\/comments?post=17585"}],"version-history":[{"count":4,"href":"https:\/\/blogs.correiobraziliense.com.br\/capital-sa\/wp-json\/wp\/v2\/posts\/17585\/revisions"}],"predecessor-version":[{"id":17602,"href":"https:\/\/blogs.correiobraziliense.com.br\/capital-sa\/wp-json\/wp\/v2\/posts\/17585\/revisions\/17602"}],"wp:featuredmedia":[{"embeddable":true,"href":"https:\/\/blogs.correiobraziliense.com.br\/capital-sa\/wp-json\/wp\/v2\/media\/17587"}],"wp:attachment":[{"href":"https:\/\/blogs.correiobraziliense.com.br\/capital-sa\/wp-json\/wp\/v2\/media?parent=17585"}],"wp:term":[{"taxonomy":"category","embeddable":true,"href":"https:\/\/blogs.correiobraziliense.com.br\/capital-sa\/wp-json\/wp\/v2\/categories?post=17585"},{"taxonomy":"post_tag","embeddable":true,"href":"https:\/\/blogs.correiobraziliense.com.br\/capital-sa\/wp-json\/wp\/v2\/tags?post=17585"}],"curies":[{"name":"wp","href":"https:\/\/api.w.org\/{rel}","templated":true}]}}