{"id":1755,"date":"2021-02-08T16:52:34","date_gmt":"2021-02-08T19:52:34","guid":{"rendered":"https:\/\/blogs.correiobraziliense.com.br\/capital-sa\/?p=1755"},"modified":"2021-02-08T17:09:13","modified_gmt":"2021-02-08T20:09:13","slug":"tim-busca-parceria-com-pequenas-empresas","status":"publish","type":"post","link":"https:\/\/blogs.correiobraziliense.com.br\/capital-sa\/2021\/02\/08\/tim-busca-parceria-com-pequenas-empresas\/","title":{"rendered":"TIM busca parceria com pequenas empresas"},"content":{"rendered":"<div>\n<p>Cerca de 600 mil micro e pequenas empresas fecharam em todo o pa\u00eds com o avan\u00e7o da Covid-19, segundo o Sebrae. Muitos que perderam o emprego partiram para neg\u00f3cios pr\u00f3prios na tentativa de manter alguma renda. Isso levou o n\u00famero de Microempreendedores Individuais (MEI) ultrapassar a marca de 10 milh\u00f5es. No DF, em 2020, foi 18,4% maior que em 2019. Ou seja, saltou de 169,2 mil para 200,3 mil em plena pandemia.<\/p>\n<\/div>\n<div>\n<div dir=\"auto\">\u00c9 de olho neste novo mercado de empreeendedorismo que a TIM abriu chamamento no Distrito Federal para comercializar os novos produtos da operadora. A parceria \u00e9 destinada a empres\u00e1rios com ou sem experi\u00eancia na \u00e1rea de vendas em telecomunica\u00e7\u00f5es que tenham capital de giro e plano de neg\u00f3cios para os primeiros 12 meses de opera\u00e7\u00e3o.<\/div>\n<\/div>\n<div>\n<div><\/div>\n<blockquote>\n<div>\u201cEstamos em busca de parceiros no Distrito Federal para comercializar nosso portf\u00f3lio direcionado a pequenas e m\u00e9dias empresas. Queremos estimular seus neg\u00f3cios oferecendo n\u00e3o apenas mais conectividade, mas tamb\u00e9m servi\u00e7os digitais diferenciados&#8221;, afirma Bruno Talento, diretor comercial da TIM no Centro-Oeste e no Norte.<\/div>\n<\/blockquote>\n<div><\/div>\n<div><b>Banco Digital e Telesa\u00fade<\/b><\/div>\n<div><\/div>\n<div>A plataforma de servi\u00e7os da TIM foi toda reformulada para atender as necessidades das pequenas empresas em meio \u00e0 pandemia. Al\u00e9m dos planos de telefonia, o portf\u00f3lio da operadora oferece abertura de contas digitais com o parceiro C6 Bank, facilidades no aluguel de equipamentos com a Plugify, uma das demandas do trabalho em home office, e servi\u00e7os de telesa\u00fade com a DoutorPass.<\/div>\n<div><\/div>\n<div>Os interessados na parceria devem entrar em contato pelo e-mail <a href=\"mailto:pcsjunior@timbrasil.com.br\" target=\"_blank\" rel=\"noopener\">pcsjunior@timbrasil.com.br<\/a>.<\/div>\n<div><\/div>\n<div><\/div>\n<\/div>\n","protected":false},"excerpt":{"rendered":"<p>Cerca de 600 mil micro e pequenas empresas fecharam em todo o pa\u00eds com o avan\u00e7o da Covid-19, segundo o Sebrae. Muitos que perderam o emprego partiram para neg\u00f3cios pr\u00f3prios na tentativa de manter alguma renda. Isso levou o n\u00famero de Microempreendedores Individuais (MEI) ultrapassar a marca de 10 milh\u00f5es. No DF, em 2020, foi 18,4% maior que em 2019. [&hellip;]<\/p>\n","protected":false},"author":125,"featured_media":1758,"comment_status":"open","ping_status":"open","sticky":false,"template":"","format":"standard","meta":{"footnotes":""},"categories":[1],"tags":[],"class_list":["post-1755","post","type-post","status-publish","format-standard","has-post-thumbnail","hentry","category-sem-categoria"],"_links":{"self":[{"href":"https:\/\/blogs.correiobraziliense.com.br\/capital-sa\/wp-json\/wp\/v2\/posts\/1755","targetHints":{"allow":["GET"]}}],"collection":[{"href":"https:\/\/blogs.correiobraziliense.com.br\/capital-sa\/wp-json\/wp\/v2\/posts"}],"about":[{"href":"https:\/\/blogs.correiobraziliense.com.br\/capital-sa\/wp-json\/wp\/v2\/types\/post"}],"author":[{"embeddable":true,"href":"https:\/\/blogs.correiobraziliense.com.br\/capital-sa\/wp-json\/wp\/v2\/users\/125"}],"replies":[{"embeddable":true,"href":"https:\/\/blogs.correiobraziliense.com.br\/capital-sa\/wp-json\/wp\/v2\/comments?post=1755"}],"version-history":[{"count":4,"href":"https:\/\/blogs.correiobraziliense.com.br\/capital-sa\/wp-json\/wp\/v2\/posts\/1755\/revisions"}],"predecessor-version":[{"id":1760,"href":"https:\/\/blogs.correiobraziliense.com.br\/capital-sa\/wp-json\/wp\/v2\/posts\/1755\/revisions\/1760"}],"wp:featuredmedia":[{"embeddable":true,"href":"https:\/\/blogs.correiobraziliense.com.br\/capital-sa\/wp-json\/wp\/v2\/media\/1758"}],"wp:attachment":[{"href":"https:\/\/blogs.correiobraziliense.com.br\/capital-sa\/wp-json\/wp\/v2\/media?parent=1755"}],"wp:term":[{"taxonomy":"category","embeddable":true,"href":"https:\/\/blogs.correiobraziliense.com.br\/capital-sa\/wp-json\/wp\/v2\/categories?post=1755"},{"taxonomy":"post_tag","embeddable":true,"href":"https:\/\/blogs.correiobraziliense.com.br\/capital-sa\/wp-json\/wp\/v2\/tags?post=1755"}],"curies":[{"name":"wp","href":"https:\/\/api.w.org\/{rel}","templated":true}]}}