{"id":17534,"date":"2024-10-21T08:20:23","date_gmt":"2024-10-21T11:20:23","guid":{"rendered":"https:\/\/blogs.correiobraziliense.com.br\/capital-sa\/?p=17534"},"modified":"2024-10-21T07:28:19","modified_gmt":"2024-10-21T10:28:19","slug":"distrito-federal-precisa-qualificar-186-mil-profissionais-atender-demanda-da-industria","status":"publish","type":"post","link":"https:\/\/blogs.correiobraziliense.com.br\/capital-sa\/2024\/10\/21\/distrito-federal-precisa-qualificar-186-mil-profissionais-atender-demanda-da-industria\/","title":{"rendered":"Distrito Federal precisa qualificar 186 mil profissionais para atender demanda da ind\u00fastria"},"content":{"rendered":"<p><em><span class=\"s1\">Constru\u00e7\u00e3o, TI e Log\u00edstica s\u00e3o os setores que mais precisam de\u00a0<\/span><span class=\"s1\">novos profissionais na capital federal\u00a0<\/span><\/em><\/p>\n<p><strong>Por Samanta Sallum\u00a0<\/strong><\/p>\n<p class=\"p1\"><span class=\"s1\">Para atender a demanda da ind\u00fastria do Distrito Federal nos pr\u00f3ximos tr\u00eas anos, ser\u00e1 necess\u00e1rio qualificar 186 mil profissionais de 2025 a 2027, segundo o Mapa do Trabalho Industrial. O n\u00famero aponta a necessidade de forma\u00e7\u00e3o de 33 mil novos profissionais e de requalifica\u00e7\u00e3o de 153 mil que j\u00e1 est\u00e3o no mercado. A proje\u00e7\u00e3o leva em conta o crescimento da economia e das vagas de trabalho.<br \/>\n<\/span><\/p>\n<p class=\"p1\"><span class=\"s1\">O levantamento foi elaborado pelo Observat\u00f3rio Nacional da Ind\u00fastria (ONI). O estudo para subsidiar as a\u00e7\u00f5es de planejamento de oferta do Servi\u00e7o Nacional de Aprendizagem Industrial (Senai).<\/span><\/p>\n<p class=\"p1\"><span class=\"s1\">De acordo com o Mapa do Trabalho Industrial, as \u00e1reas industriais com maior demanda por profissionais no Distrito Federal de 2025 a 2027 ser\u00e3o:<\/span><\/p>\n<p class=\"p1\"><span class=\"s1\">&#8211; Constru\u00e7\u00e3o (25 mil), para atuar como profissionais na opera\u00e7\u00e3o de m\u00e1quinas de terraplanagem, ajudante de obras civis, trabalhadores de estruturas de alvenaria, funda\u00e7\u00f5es, entre outros;<\/span><\/p>\n<p class=\"p1\"><span class=\"s1\">&#8211; Tecnologia da Informa\u00e7\u00e3o (23 mil), com vagas para analistas de tecnologia da informa\u00e7\u00e3o, t\u00e9cnicos em opera\u00e7\u00e3o e monitoramento de computadores, t\u00e9cnicos de desenvolvimento de sistemas e aplica\u00e7\u00f5es, entre outros;<\/span><\/p>\n<p class=\"p1\"><span class=\"s1\">&#8211; Manuten\u00e7\u00e3o e Repara\u00e7\u00e3o (13 mil), para mec\u00e2nicos de manuten\u00e7\u00e3o de ve\u00edculos automotores, trabalhadores operacionais de conversa\u00e7\u00e3o de vias permanentes (exceto trilhos), eletricistas de manuten\u00e7\u00e3o eletroeletr\u00f4nica, e outras.<\/span><\/p>\n<p class=\"p1\"><span class=\"s1\">Produ\u00e7\u00e3o de alimentos (13 mil). H\u00e1 necessidade de magarefes, padeiros, trabalhadores na fabrica\u00e7\u00e3o e conserva\u00e7\u00e3o de alimentos, operadores de equipamentos na fabrica\u00e7\u00e3o de p\u00e3es, massas aliment\u00edcias, doces, chocolates e achocolatados, entre outras.<\/span><\/p>\n<p class=\"p1\"><span class=\"s1\">O Mapa do Trabalho Industrial aponta, ainda, grande necessidade de forma\u00e7\u00e3o no Distrito Federal de trabalhadores na \u00e1rea de log\u00edstica e transporte, com demanda por 40 mil profissionais. O setor tem ocupa\u00e7\u00f5es transversais, que n\u00e3o s\u00e3o especificamente da ind\u00fastria, mas que s\u00e3o fundamentais para a atividade industrial. S\u00e3o oportunidades para profissionais como t\u00e9cnicos de controle da produ\u00e7\u00e3o, motoristas de ve\u00edculos de cargas, almoxarifes e armazenistas, entre outros.<\/span><\/p>\n<p><strong>Renova DF e Inova Tech\u00a0<\/strong><\/p>\n<p class=\"p1\"><span class=\"s1\">\u201cNo Distrito Federal, o Mapa reafirmou a for\u00e7a do setor da constru\u00e7\u00e3o na economia e mostrou como a ind\u00fastria de tecnologia da informa\u00e7\u00e3o se estabeleceu na capital federal, com forte demanda de forma\u00e7\u00e3o profissional para os pr\u00f3ximos anos. S\u00e3o setores que j\u00e1 t\u00eam forte atendimento pelo Senai-DF e que ter\u00e3o ainda maior aten\u00e7\u00e3o no planejamento das forma\u00e7\u00f5es, seja na qualifica\u00e7\u00e3o realizada por meio do Programa Senai de Gratuidade Regimental, seja em a\u00e7\u00f5es realizadas em parceria com o governo do DF, como j\u00e1 realizamos no Renova-DF e no DF Inova Tech\u201d,\u00a0aponta o presidente da Federa\u00e7\u00e3o das Ind\u00fastrias do DF (Fibra) e do Conselho Regional do Senai-DF, Jamal Jorge Bittar.<\/span><\/p>\n","protected":false},"excerpt":{"rendered":"<p>Constru\u00e7\u00e3o, TI e Log\u00edstica s\u00e3o os setores que mais precisam de\u00a0novos profissionais na capital federal\u00a0 Por Samanta Sallum\u00a0 Para atender a demanda da ind\u00fastria do Distrito Federal nos pr\u00f3ximos tr\u00eas anos, ser\u00e1 necess\u00e1rio qualificar 186 mil profissionais de 2025 a 2027, segundo o Mapa do Trabalho Industrial. O n\u00famero aponta a necessidade de forma\u00e7\u00e3o de 33 mil novos profissionais e [&hellip;]<\/p>\n","protected":false},"author":125,"featured_media":17537,"comment_status":"open","ping_status":"open","sticky":false,"template":"","format":"standard","meta":{"footnotes":""},"categories":[6],"tags":[1070,203,2567,743,2562,2565,2563,2566,2564,337,618,71,60,33,774],"class_list":["post-17534","post","type-post","status-publish","format-standard","has-post-thumbnail","hentry","category-coluna-capital-s-a","tag-construcao","tag-gdf","tag-inovatech","tag-jamalbittar","tag-logistica","tag-oni","tag-qualificacao","tag-renova-df","tag-requalificacao","tag-senai","tag-ti","tag-fibra","tag-industria","tag-tecnologia","tag-transporte"],"_links":{"self":[{"href":"https:\/\/blogs.correiobraziliense.com.br\/capital-sa\/wp-json\/wp\/v2\/posts\/17534","targetHints":{"allow":["GET"]}}],"collection":[{"href":"https:\/\/blogs.correiobraziliense.com.br\/capital-sa\/wp-json\/wp\/v2\/posts"}],"about":[{"href":"https:\/\/blogs.correiobraziliense.com.br\/capital-sa\/wp-json\/wp\/v2\/types\/post"}],"author":[{"embeddable":true,"href":"https:\/\/blogs.correiobraziliense.com.br\/capital-sa\/wp-json\/wp\/v2\/users\/125"}],"replies":[{"embeddable":true,"href":"https:\/\/blogs.correiobraziliense.com.br\/capital-sa\/wp-json\/wp\/v2\/comments?post=17534"}],"version-history":[{"count":7,"href":"https:\/\/blogs.correiobraziliense.com.br\/capital-sa\/wp-json\/wp\/v2\/posts\/17534\/revisions"}],"predecessor-version":[{"id":17561,"href":"https:\/\/blogs.correiobraziliense.com.br\/capital-sa\/wp-json\/wp\/v2\/posts\/17534\/revisions\/17561"}],"wp:featuredmedia":[{"embeddable":true,"href":"https:\/\/blogs.correiobraziliense.com.br\/capital-sa\/wp-json\/wp\/v2\/media\/17537"}],"wp:attachment":[{"href":"https:\/\/blogs.correiobraziliense.com.br\/capital-sa\/wp-json\/wp\/v2\/media?parent=17534"}],"wp:term":[{"taxonomy":"category","embeddable":true,"href":"https:\/\/blogs.correiobraziliense.com.br\/capital-sa\/wp-json\/wp\/v2\/categories?post=17534"},{"taxonomy":"post_tag","embeddable":true,"href":"https:\/\/blogs.correiobraziliense.com.br\/capital-sa\/wp-json\/wp\/v2\/tags?post=17534"}],"curies":[{"name":"wp","href":"https:\/\/api.w.org\/{rel}","templated":true}]}}