{"id":17524,"date":"2024-10-17T14:35:55","date_gmt":"2024-10-17T17:35:55","guid":{"rendered":"https:\/\/blogs.correiobraziliense.com.br\/capital-sa\/?p=17524"},"modified":"2024-10-17T17:29:04","modified_gmt":"2024-10-17T20:29:04","slug":"camara-de-dirigentes-lojistas-elege-nova-diretoria-para-2025-2026","status":"publish","type":"post","link":"https:\/\/blogs.correiobraziliense.com.br\/capital-sa\/2024\/10\/17\/camara-de-dirigentes-lojistas-elege-nova-diretoria-para-2025-2026\/","title":{"rendered":"C\u00e2mara de Dirigentes Lojistas elege nova diretoria para 2025\/2026"},"content":{"rendered":"<p class=\"p1\"><strong>Por Samanta Sallum\u00a0<\/strong><\/p>\n<p class=\"p1\"><span class=\"s1\">O empres\u00e1rio Eduardo Pereira Neto \u00e9 o novo presidente da C\u00e2mara de Dirigentes Lojistas do Distrito Federal (CDL\/DF). A entidade conta com 3,5 mil associados.<span class=\"Apple-converted-space\">\u00a0<\/span>Assumem juntos como vice-presidentes Maur\u00edcio Rodrigues dos Santos e Samuel Torres de Vasconcelos. A nova diretoria foi eleita para a gest\u00e3o do bi\u00eanio 2025\/2026.<\/span><\/p>\n<p class=\"p1\"><span class=\"s1\">Foi realizada ontem a Assembleia Geral Ordin\u00e1ria para a elei\u00e7\u00e3o. A chapa &#8216;Uni\u00e3o, Preserva\u00e7\u00e3o e Desenvolvimento&#8217; foi a escolhida para liderar a entidade, contando com uma nova diretoria e novos conselho fiscal e conselho consultivo. <\/span><\/p>\n<p class=\"p1\"><span class=\"s1\">Eduardo Pereira Neto est\u00e1 \u00e0 frente das empresas\u00a0<\/span>Casa das Fechaduras,\u00a0Ferrocenter e Casa dos Puxadores.\u00a0<span class=\"s1\">Integrante da CDL\/DF h\u00e1 quase 20 anos, era\u00a0<\/span>vice-presidente da entidade na gest\u00e3o de Wagner da Silveira.\u00a0Ele afirmou que dar\u00e1 continuidade ao trabalho de seu antecessor, destacou o lan\u00e7amento de novos projetos e a meta de atrair mais associados.<\/p>\n<p class=\"p1\"><span class=\"s1\">Wagner da Silveira J\u00fanior, atual presidente, anunciou o mais recente produto da entidade: o *CDL Resolve,* um servi\u00e7o que vai orientar consumidores em uma jornada de uso consciente do dinheiro. Wagner ressaltou que deixa a entidade &#8216;livre, leve e controlada&#8217;, conforme havia proposto em 2021. <\/span><\/p>\n","protected":false},"excerpt":{"rendered":"<p>Por Samanta Sallum\u00a0 O empres\u00e1rio Eduardo Pereira Neto \u00e9 o novo presidente da C\u00e2mara de Dirigentes Lojistas do Distrito Federal (CDL\/DF). A entidade conta com 3,5 mil associados.\u00a0Assumem juntos como vice-presidentes Maur\u00edcio Rodrigues dos Santos e Samuel Torres de Vasconcelos. A nova diretoria foi eleita para a gest\u00e3o do bi\u00eanio 2025\/2026. Foi realizada ontem a Assembleia Geral Ordin\u00e1ria para a [&hellip;]<\/p>\n","protected":false},"author":125,"featured_media":17527,"comment_status":"open","ping_status":"open","sticky":false,"template":"","format":"standard","meta":{"footnotes":""},"categories":[6],"tags":[2556,2558,1527,962,2553,2557,2554,1595,2555,1329,2559],"class_list":["post-17524","post","type-post","status-publish","format-standard","has-post-thumbnail","hentry","category-coluna-capital-s-a","tag-casadasfechaduras","tag-casadospuxadores","tag-cdl-df","tag-desenvolvimento","tag-eduardopereiraneto","tag-ferrocenter","tag-mauriciorodriguesdossantos","tag-preservacao","tag-samueltorresdevasconcelos","tag-uniao","tag-wagnerdasilveira"],"_links":{"self":[{"href":"https:\/\/blogs.correiobraziliense.com.br\/capital-sa\/wp-json\/wp\/v2\/posts\/17524","targetHints":{"allow":["GET"]}}],"collection":[{"href":"https:\/\/blogs.correiobraziliense.com.br\/capital-sa\/wp-json\/wp\/v2\/posts"}],"about":[{"href":"https:\/\/blogs.correiobraziliense.com.br\/capital-sa\/wp-json\/wp\/v2\/types\/post"}],"author":[{"embeddable":true,"href":"https:\/\/blogs.correiobraziliense.com.br\/capital-sa\/wp-json\/wp\/v2\/users\/125"}],"replies":[{"embeddable":true,"href":"https:\/\/blogs.correiobraziliense.com.br\/capital-sa\/wp-json\/wp\/v2\/comments?post=17524"}],"version-history":[{"count":6,"href":"https:\/\/blogs.correiobraziliense.com.br\/capital-sa\/wp-json\/wp\/v2\/posts\/17524\/revisions"}],"predecessor-version":[{"id":17532,"href":"https:\/\/blogs.correiobraziliense.com.br\/capital-sa\/wp-json\/wp\/v2\/posts\/17524\/revisions\/17532"}],"wp:featuredmedia":[{"embeddable":true,"href":"https:\/\/blogs.correiobraziliense.com.br\/capital-sa\/wp-json\/wp\/v2\/media\/17527"}],"wp:attachment":[{"href":"https:\/\/blogs.correiobraziliense.com.br\/capital-sa\/wp-json\/wp\/v2\/media?parent=17524"}],"wp:term":[{"taxonomy":"category","embeddable":true,"href":"https:\/\/blogs.correiobraziliense.com.br\/capital-sa\/wp-json\/wp\/v2\/categories?post=17524"},{"taxonomy":"post_tag","embeddable":true,"href":"https:\/\/blogs.correiobraziliense.com.br\/capital-sa\/wp-json\/wp\/v2\/tags?post=17524"}],"curies":[{"name":"wp","href":"https:\/\/api.w.org\/{rel}","templated":true}]}}