{"id":17499,"date":"2024-10-09T16:05:20","date_gmt":"2024-10-09T19:05:20","guid":{"rendered":"https:\/\/blogs.correiobraziliense.com.br\/capital-sa\/?p=17499"},"modified":"2024-10-10T07:38:21","modified_gmt":"2024-10-10T10:38:21","slug":"toyota-investe-no-combustivel-do-futuro","status":"publish","type":"post","link":"https:\/\/blogs.correiobraziliense.com.br\/capital-sa\/2024\/10\/09\/toyota-investe-no-combustivel-do-futuro\/","title":{"rendered":"Toyota investe no \u201ccombust\u00edvel do futuro\u201d"},"content":{"rendered":"<p><strong>Por Samanta Sallum\u00a0<\/strong><\/p>\n<p>O Toyota Mirai, primeiro ve\u00edculo a c\u00e9lula combust\u00edvel do mundo a ser abastecido com hidrog\u00eanio, foi apresentado ontem em Bras\u00edlia. Outra novidade exibida foi o prot\u00f3tipo equipado com a tecnologia h\u00edbrida plug-in flex &#8211; que combina um motor a combust\u00e3o interna flex\u00edvel a um motor el\u00e9trico, aliado a uma bateria recarreg\u00e1vel em fonte externa.<\/p>\n<p>A empresa do setor automobil\u00edstico participou do evento de san\u00e7\u00e3o do projeto de lei \u201cCombust\u00edvel do Futuro\u201d, com o presidente Lula. O programa incentiva o desenvolvimento, a produ\u00e7\u00e3o e o uso de combust\u00edveis sustent\u00e1veis e de baixa intensidade de carbono.<\/p>\n<p>A fabricante tamb\u00e9m levou para o evento os seus pioneiros ve\u00edculos h\u00edbridos flex fabricados no Brasil, Corolla sed\u00e3 e Corolla Cross.<\/p>\n<p class=\"p1\"><strong><span class=\"s1\">Novo ve\u00edculo compacto h\u00edbrido em 2025\u00a0<\/span><\/strong><\/p>\n<p class=\"p1\"><span class=\"s1\">Recentemente, a Toyota anunciou um investimento de R$ 11 bilh\u00f5es at\u00e9 2030 para expandir sua capacidade produtiva no Brasil e desenvolver novas solu\u00e7\u00f5es de mobilidade. Parte desse valor ser\u00e1 destinado \u00e0 fabrica\u00e7\u00e3o de dois novos ve\u00edculos h\u00edbridos flex, sendo o primeiro deles um compacto que ser\u00e1 produzido em 2025, tornando a tecnologia h\u00edbrida flex ainda mais acess\u00edvel.<\/span><\/p>\n<p class=\"p1\"><span class=\"s1\">\u201cPara seguir avan\u00e7ando na descarboniza\u00e7\u00e3o da mobilidade, precisamos de uma abordagem integrada que inclua combust\u00edveis sustent\u00e1veis combinados a tecnologias automotivas. Por isso, reconhecemos a introdu\u00e7\u00e3o de pol\u00edticas p\u00fablicas como o Combust\u00edvel do Futuro\u201d, disse \u00a0Rafael Ceconello, diretor de assuntos regulat\u00f3rios e governamentais da Toyota.<\/span><\/p>\n","protected":false},"excerpt":{"rendered":"<p>Por Samanta Sallum\u00a0 O Toyota Mirai, primeiro ve\u00edculo a c\u00e9lula combust\u00edvel do mundo a ser abastecido com hidrog\u00eanio, foi apresentado ontem em Bras\u00edlia. Outra novidade exibida foi o prot\u00f3tipo equipado com a tecnologia h\u00edbrida plug-in flex &#8211; que combina um motor a combust\u00e3o interna flex\u00edvel a um motor el\u00e9trico, aliado a uma bateria recarreg\u00e1vel em fonte externa. A empresa do [&hellip;]<\/p>\n","protected":false},"author":125,"featured_media":17502,"comment_status":"open","ping_status":"open","sticky":false,"template":"","format":"standard","meta":{"footnotes":""},"categories":[6],"tags":[2549,505,2548,2108,962,1655,1165,1198,2550,326,607],"class_list":["post-17499","post","type-post","status-publish","format-standard","has-post-thumbnail","hentry","category-coluna-capital-s-a","tag-automobilismo","tag-combustiveis","tag-combustiveldofuturo","tag-descarbonizacao","tag-desenvolvimento","tag-desenvolvimentosustentavel","tag-lula","tag-mobilidade","tag-rafaelceconello","tag-sustentabilidade","tag-toyota"],"_links":{"self":[{"href":"https:\/\/blogs.correiobraziliense.com.br\/capital-sa\/wp-json\/wp\/v2\/posts\/17499","targetHints":{"allow":["GET"]}}],"collection":[{"href":"https:\/\/blogs.correiobraziliense.com.br\/capital-sa\/wp-json\/wp\/v2\/posts"}],"about":[{"href":"https:\/\/blogs.correiobraziliense.com.br\/capital-sa\/wp-json\/wp\/v2\/types\/post"}],"author":[{"embeddable":true,"href":"https:\/\/blogs.correiobraziliense.com.br\/capital-sa\/wp-json\/wp\/v2\/users\/125"}],"replies":[{"embeddable":true,"href":"https:\/\/blogs.correiobraziliense.com.br\/capital-sa\/wp-json\/wp\/v2\/comments?post=17499"}],"version-history":[{"count":8,"href":"https:\/\/blogs.correiobraziliense.com.br\/capital-sa\/wp-json\/wp\/v2\/posts\/17499\/revisions"}],"predecessor-version":[{"id":17511,"href":"https:\/\/blogs.correiobraziliense.com.br\/capital-sa\/wp-json\/wp\/v2\/posts\/17499\/revisions\/17511"}],"wp:featuredmedia":[{"embeddable":true,"href":"https:\/\/blogs.correiobraziliense.com.br\/capital-sa\/wp-json\/wp\/v2\/media\/17502"}],"wp:attachment":[{"href":"https:\/\/blogs.correiobraziliense.com.br\/capital-sa\/wp-json\/wp\/v2\/media?parent=17499"}],"wp:term":[{"taxonomy":"category","embeddable":true,"href":"https:\/\/blogs.correiobraziliense.com.br\/capital-sa\/wp-json\/wp\/v2\/categories?post=17499"},{"taxonomy":"post_tag","embeddable":true,"href":"https:\/\/blogs.correiobraziliense.com.br\/capital-sa\/wp-json\/wp\/v2\/tags?post=17499"}],"curies":[{"name":"wp","href":"https:\/\/api.w.org\/{rel}","templated":true}]}}