{"id":17495,"date":"2024-10-09T15:08:45","date_gmt":"2024-10-09T18:08:45","guid":{"rendered":"https:\/\/blogs.correiobraziliense.com.br\/capital-sa\/?p=17495"},"modified":"2024-10-10T07:33:28","modified_gmt":"2024-10-10T10:33:28","slug":"lojas-no-df-estarao-abertas-para-dia-das-criancas-com-projecao-de-alta-nas-vendas","status":"publish","type":"post","link":"https:\/\/blogs.correiobraziliense.com.br\/capital-sa\/2024\/10\/09\/lojas-no-df-estarao-abertas-para-dia-das-criancas-com-projecao-de-alta-nas-vendas\/","title":{"rendered":"Lojas no DF estar\u00e3o abertas para Dia das Crian\u00e7as com proje\u00e7\u00e3o de alta nas vendas"},"content":{"rendered":"<p><em>A expectativa de movimenta\u00e7\u00e3o financeira \u00e9 de R$ 9,35 bilh\u00f5es em vendas, no com\u00e9rcio, em todo o pa\u00eds<\/em><\/p>\n<p><em><strong>Por Samanta Sallum\u00a0<\/strong><\/em><\/p>\n<p class=\"p1\"><span class=\"s1\">O volume de vendas do varejo para o Dia das Crian\u00e7as ser\u00e1 de 2,6% em rela\u00e7\u00e3o a 2023. Essa \u00e9 a proje\u00e7\u00e3o nacional da Confedera\u00e7\u00e3o do Com\u00e9rcio (CNC). A data<span class=\"Apple-converted-space\">\u00a0<\/span>\u00e9 considerada a terceira mais importante do calend\u00e1rio de vendas, ficando atr\u00e1s apenas do Natal e do Dia das M\u00e3es. A perspectiva positiva est\u00e1 relacionada a condi\u00e7\u00f5es de consumo mais favor\u00e1veis, impulsionadas pelo aquecimento do mercado de trabalho.<br \/>\n<\/span><\/p>\n<p class=\"p1\"><span class=\"s1\">A taxa de desemprego em agosto de 2024 ficou em 6,8% \u2014 o menor patamar em mais de uma d\u00e9cada no pa\u00eds. Al\u00e9m disso, a massa real de rendimentos registrou um avan\u00e7o de 8,3% nos \u00faltimos 12 meses, impactada pela pol\u00edtica de valoriza\u00e7\u00e3o do sal\u00e1rio m\u00ednimo.<\/span><\/p>\n<p class=\"p1\">A expectativa de movimenta\u00e7\u00e3o financeira para o Dia das Crian\u00e7as \u00e9 de R$ 9,35 bilh\u00f5es em todo o pa\u00eds.<\/p>\n<p class=\"p1\"><span class=\"s1\">O com\u00e9rcio no DF abrir\u00e1 dia 12 de outubro, feriado nacional de Nossa Senhora Aparecida, conforme estabelecido na Conven\u00e7\u00e3o Coletiva de Trabalho firmada entre o Sindivarejista DF e o Sindicato dos Comerci\u00e1rios para o per\u00edodo de 2024\/2025.<\/span><\/p>\n<p class=\"p1\"><strong><span class=\"s1\">Crescimento maior no DF <\/span><\/strong><\/p>\n<p class=\"p1\"><span class=\"s1\">Pesquisa realizada pelo Sindivarejista-DF aponta que as vendas do com\u00e9rcio para o Dia das Crian\u00e7as dever\u00e3o crescer em 15,34% no com\u00e9rcio do Distrito Federal em rela\u00e7\u00e3o a 2023. Levantamento mostra que 68,1% dos consumidores pretendem comprar mais de um presente.<br \/>\n<\/span><\/p>\n<p class=\"p1\"><span class=\"s1\">A m\u00e9dia de gastos dever\u00e1 ficar pr\u00f3xima de R$ 100. E a maioria, 63,2% dos entrevistados, j\u00e1 realizou as suas compras para a data.<\/span><\/p>\n<p class=\"p1\">A pesquisa apontou que os brinquedos dever\u00e3o representar 53,3% das inten\u00e7\u00f5es de compra. Em seguida, aparecem roupas e cal\u00e7ados, com mais de 41%.<\/p>\n","protected":false},"excerpt":{"rendered":"<p>A expectativa de movimenta\u00e7\u00e3o financeira \u00e9 de R$ 9,35 bilh\u00f5es em vendas, no com\u00e9rcio, em todo o pa\u00eds Por Samanta Sallum\u00a0 O volume de vendas do varejo para o Dia das Crian\u00e7as ser\u00e1 de 2,6% em rela\u00e7\u00e3o a 2023. Essa \u00e9 a proje\u00e7\u00e3o nacional da Confedera\u00e7\u00e3o do Com\u00e9rcio (CNC). A data\u00a0\u00e9 considerada a terceira mais importante do calend\u00e1rio de vendas, [&hellip;]<\/p>\n","protected":false},"author":125,"featured_media":17498,"comment_status":"open","ping_status":"open","sticky":false,"template":"","format":"standard","meta":{"footnotes":""},"categories":[6],"tags":[275,1510,1043,276,2547,2266,10,57],"class_list":["post-17495","post","type-post","status-publish","format-standard","has-post-thumbnail","hentry","category-coluna-capital-s-a","tag-cnc","tag-diadascriancas","tag-diadasmaes","tag-economia","tag-sindicom-df","tag-sindivarejista-df","tag-comercio","tag-natal"],"_links":{"self":[{"href":"https:\/\/blogs.correiobraziliense.com.br\/capital-sa\/wp-json\/wp\/v2\/posts\/17495","targetHints":{"allow":["GET"]}}],"collection":[{"href":"https:\/\/blogs.correiobraziliense.com.br\/capital-sa\/wp-json\/wp\/v2\/posts"}],"about":[{"href":"https:\/\/blogs.correiobraziliense.com.br\/capital-sa\/wp-json\/wp\/v2\/types\/post"}],"author":[{"embeddable":true,"href":"https:\/\/blogs.correiobraziliense.com.br\/capital-sa\/wp-json\/wp\/v2\/users\/125"}],"replies":[{"embeddable":true,"href":"https:\/\/blogs.correiobraziliense.com.br\/capital-sa\/wp-json\/wp\/v2\/comments?post=17495"}],"version-history":[{"count":4,"href":"https:\/\/blogs.correiobraziliense.com.br\/capital-sa\/wp-json\/wp\/v2\/posts\/17495\/revisions"}],"predecessor-version":[{"id":17510,"href":"https:\/\/blogs.correiobraziliense.com.br\/capital-sa\/wp-json\/wp\/v2\/posts\/17495\/revisions\/17510"}],"wp:featuredmedia":[{"embeddable":true,"href":"https:\/\/blogs.correiobraziliense.com.br\/capital-sa\/wp-json\/wp\/v2\/media\/17498"}],"wp:attachment":[{"href":"https:\/\/blogs.correiobraziliense.com.br\/capital-sa\/wp-json\/wp\/v2\/media?parent=17495"}],"wp:term":[{"taxonomy":"category","embeddable":true,"href":"https:\/\/blogs.correiobraziliense.com.br\/capital-sa\/wp-json\/wp\/v2\/categories?post=17495"},{"taxonomy":"post_tag","embeddable":true,"href":"https:\/\/blogs.correiobraziliense.com.br\/capital-sa\/wp-json\/wp\/v2\/tags?post=17495"}],"curies":[{"name":"wp","href":"https:\/\/api.w.org\/{rel}","templated":true}]}}