{"id":17487,"date":"2024-10-08T22:32:13","date_gmt":"2024-10-09T01:32:13","guid":{"rendered":"https:\/\/blogs.correiobraziliense.com.br\/capital-sa\/?p=17487"},"modified":"2024-10-09T08:47:10","modified_gmt":"2024-10-09T11:47:10","slug":"setor-produtivo-restabelece-coalizao-para-defender-pautas-prioritarias","status":"publish","type":"post","link":"https:\/\/blogs.correiobraziliense.com.br\/capital-sa\/2024\/10\/08\/setor-produtivo-restabelece-coalizao-para-defender-pautas-prioritarias\/","title":{"rendered":"Setor produtivo restabelece coaliz\u00e3o para defender pautas priorit\u00e1rias"},"content":{"rendered":"<p><em>Lideran\u00e7as do Com\u00e9rcio, Servi\u00e7os, Ind\u00fastria e Agricultura do Distrito Federal se unem para atuarem conjuntamente perante GDF e C\u00e2mara Legislativa\u00a0<\/em><\/p>\n<p class=\"p1\"><strong>Por Samanta Sallum\u00a0<\/strong><\/p>\n<p class=\"p1\"><span class=\"s1\">Presidentes de sete entidades representativas do setor produtivo da capital se reuniram hoje na sede da Fecom\u00e9rcio-DF para discutir temas de interesse coletivo. O encontro serviu para reaproximar as lideran\u00e7as e reagrupar as entidades em defesa de pautas importantes<span class=\"Apple-converted-space\">\u00a0<\/span>do setor.<span class=\"Apple-converted-space\">\u00a0<\/span>Ficou definido que todos v\u00e3o apresentar suas demandas para serem debatidas juntamente com representantes do Legislativo e do Executivo.<span class=\"Apple-converted-space\">\u00a0 <\/span>Entre as pautas, carga tribut\u00e1ria e PDOT. As reuni\u00f5es do grupo ser\u00e3o regulares e marcadas nas diversas entidades.<\/span><\/p>\n<p class=\"p1\">Fontes ouvidas pela coluna explicaram que a reuni\u00e3o n\u00e3o significa a recria\u00e7\u00e3o do F\u00f3rum do Setor Produtivo, como j\u00e1 existiu h\u00e1 4 anos. Mas, sim, uma uni\u00e3o de for\u00e7as, em que n\u00e3o h\u00e1 uma lideran\u00e7a espec\u00edfica para representar o setor inteiro. Participaram do encontro representantes das federa\u00e7\u00f5es da ind\u00fastria; da agricultura e pecu\u00e1ria; das associa\u00e7\u00f5es comerciais; das empresas de transporte de cargas e log\u00edstica; das empresas locadoras de ve\u00edculos automotores; e da C\u00e2mara de Dirigentes Lojistas (CDL).<\/p>\n<p class=\"p1\"><span class=\"s1\">\u201cNos reunimos porque temos assuntos importantes de interesse dos empres\u00e1rios e da popula\u00e7\u00e3o do Distrito Federal. S\u00e3o temas que precisam ser discutidos juntamente com o GDF e a Camara Legislativa. Em breve, faremos uma nova rodada de conversa para definir o que ser\u00e1 prioridade para o pr\u00f3ximo ano\u201d, disse o presidente do Sistema Fecom\u00e9rcio-DF, Jos\u00e9 Aparecido Freire.<\/span><\/p>\n<p class=\"p1\"><span class=\"s1\">\u201cFoi uma boa iniciativa do presidente Jos\u00e9 Aparecido. \u00c9 sempre muito bom estar renovando di\u00e1logos com o setor produtivo. Aqui estivemos todos os leg\u00edtimos representantes reunidos,<span class=\"Apple-converted-space\">\u00a0<\/span>sempre num movimento muito harm\u00f4nico e tranquilo, que tem pautado a rela\u00e7\u00e3o entre essas federa\u00e7\u00f5es\u201d, disse o presidente da Federa\u00e7\u00e3o das Ind\u00fastrias (Fibra-DF), Jamal Jorge Bittar. <\/span><\/p>\n<p class=\"p1\"><strong><span class=\"s1\">Subs\u00eddios para pol\u00edticas p\u00fablicas <\/span><\/strong><\/p>\n<p class=\"p1\"><span class=\"s1\">\u201cNos juntamos para discutir as demandas e criar uma pol\u00edtica \u00fanica para apresentar \u00e0s autoridades. Vamos apresentar dados que poder\u00e3o servir de subs\u00eddio para as pol\u00edticas p\u00fablicas\u201d, refor\u00e7ou o<span class=\"Apple-converted-space\">\u00a0 <\/span>presidente Federa\u00e7\u00e3o da Agricultura e Pecu\u00e1ria (Fape-DF), Fernando Cezar Ribeiro.<br \/>\n<\/span><\/p>\n<p class=\"p1\"><span class=\"s1\">\u201c\u00c9 uma iniciativa que deve ser continuada, porque n\u00f3s unidos somos muito mais fortes para conseguir resolver nossas quest\u00f5es do dia a dia, da nossa sociedade\u201d, complementou o presidente da C\u00e2mara de Dirigentes Lojistas (CDL-DF), Wagner Gon\u00e7alves.<\/span><\/p>\n","protected":false},"excerpt":{"rendered":"<p>Lideran\u00e7as do Com\u00e9rcio, Servi\u00e7os, Ind\u00fastria e Agricultura do Distrito Federal se unem para atuarem conjuntamente perante GDF e C\u00e2mara Legislativa\u00a0 Por Samanta Sallum\u00a0 Presidentes de sete entidades representativas do setor produtivo da capital se reuniram hoje na sede da Fecom\u00e9rcio-DF para discutir temas de interesse coletivo. O encontro serviu para reaproximar as lideran\u00e7as e reagrupar as entidades em defesa de [&hellip;]<\/p>\n","protected":false},"author":125,"featured_media":17490,"comment_status":"open","ping_status":"open","sticky":false,"template":"","format":"standard","meta":{"footnotes":""},"categories":[6],"tags":[1157,1908,647,1686,2395,2488,2544,734,2545,2543,203,743,1040,2527,639,2542,454,367,2546,10,60],"class_list":["post-17487","post","type-post","status-publish","format-standard","has-post-thumbnail","hentry","category-coluna-capital-s-a","tag-agricultura","tag-cargatributaria","tag-cdl","tag-cldf","tag-coalizao","tag-executivo","tag-fape-df","tag-fecomercio-df","tag-fernandocezarribeiro","tag-fibra-df","tag-gdf","tag-jamalbittar","tag-joseaparecidofreire","tag-legislativo","tag-pdot","tag-pecuaria","tag-servicos","tag-setorprodutivo","tag-wagnergoncalves","tag-comercio","tag-industria"],"_links":{"self":[{"href":"https:\/\/blogs.correiobraziliense.com.br\/capital-sa\/wp-json\/wp\/v2\/posts\/17487","targetHints":{"allow":["GET"]}}],"collection":[{"href":"https:\/\/blogs.correiobraziliense.com.br\/capital-sa\/wp-json\/wp\/v2\/posts"}],"about":[{"href":"https:\/\/blogs.correiobraziliense.com.br\/capital-sa\/wp-json\/wp\/v2\/types\/post"}],"author":[{"embeddable":true,"href":"https:\/\/blogs.correiobraziliense.com.br\/capital-sa\/wp-json\/wp\/v2\/users\/125"}],"replies":[{"embeddable":true,"href":"https:\/\/blogs.correiobraziliense.com.br\/capital-sa\/wp-json\/wp\/v2\/comments?post=17487"}],"version-history":[{"count":6,"href":"https:\/\/blogs.correiobraziliense.com.br\/capital-sa\/wp-json\/wp\/v2\/posts\/17487\/revisions"}],"predecessor-version":[{"id":17494,"href":"https:\/\/blogs.correiobraziliense.com.br\/capital-sa\/wp-json\/wp\/v2\/posts\/17487\/revisions\/17494"}],"wp:featuredmedia":[{"embeddable":true,"href":"https:\/\/blogs.correiobraziliense.com.br\/capital-sa\/wp-json\/wp\/v2\/media\/17490"}],"wp:attachment":[{"href":"https:\/\/blogs.correiobraziliense.com.br\/capital-sa\/wp-json\/wp\/v2\/media?parent=17487"}],"wp:term":[{"taxonomy":"category","embeddable":true,"href":"https:\/\/blogs.correiobraziliense.com.br\/capital-sa\/wp-json\/wp\/v2\/categories?post=17487"},{"taxonomy":"post_tag","embeddable":true,"href":"https:\/\/blogs.correiobraziliense.com.br\/capital-sa\/wp-json\/wp\/v2\/tags?post=17487"}],"curies":[{"name":"wp","href":"https:\/\/api.w.org\/{rel}","templated":true}]}}