{"id":17463,"date":"2024-10-08T14:35:49","date_gmt":"2024-10-08T17:35:49","guid":{"rendered":"https:\/\/blogs.correiobraziliense.com.br\/capital-sa\/?p=17463"},"modified":"2024-10-08T21:59:35","modified_gmt":"2024-10-09T00:59:35","slug":"empresas-no-pacto-contra-a-fome","status":"publish","type":"post","link":"https:\/\/blogs.correiobraziliense.com.br\/capital-sa\/2024\/10\/08\/empresas-no-pacto-contra-a-fome\/","title":{"rendered":"Empresas participam do Pacto contra a Fome"},"content":{"rendered":"<p class=\"p1\"><strong>Por Samanta Sallum\u00a0<\/strong><\/p>\n<p class=\"p1\"><span class=\"s1\">O Instituto Assa\u00ed alcan\u00e7ou um marco na luta contra a fome e o desperd\u00edcio de alimentos no Brasil: a doa\u00e7\u00e3o de mais de 3 milh\u00f5es de refei\u00e7\u00f5es em 2024. Isso \u00e9<span class=\"Apple-converted-space\">\u00a0<\/span>resultado dos projetos Cozinha Solid\u00e1ria, Destino Certo, de doa\u00e7\u00f5es diretas e mobiliza\u00e7\u00f5es. O instituto, que \u00e9 o bra\u00e7o de responsabilidade social do grupo Atacadista Assai, faz parte da coaliz\u00e3o Pacto contra a Fome e um dos cofinanciadores do Movimento Todos \u00e0 Mesa (TaM).<br \/>\n<\/span><\/p>\n<p class=\"p1\"><span class=\"s1\">Tamb\u00e9m\u00a0<\/span>contribuiu para o lan\u00e7amento do estudo &#8220;Do Desperd\u00edcio \u00e0 Mesa&#8221;, desenvolvido pela Bain&amp;Co e pelo TaM, que apresenta estrat\u00e9gias inovadoras para a redistribui\u00e7\u00e3o de alimentos e para a redu\u00e7\u00e3o do desperd\u00edcio.\u00a0Para conhecer o estudo completo, acesse: https:\/\/www.dadostam.com.br\/<\/p>\n<p class=\"p1\"><span class=\"s1\">\u201cA situa\u00e7\u00e3o da fome no pa\u00eds \u00e9 real, e s\u00f3 teremos uma sociedade mais justa com a atua\u00e7\u00e3o conjunta de empresas, governo e sociedade civil\u201d, afirma F\u00e1bio Lavezo, gerente de Sustentabilidade e Investimento social do Assa\u00ed. Al\u00e9m de seguran\u00e7a alimentar, o Instituto tamb\u00e9m atua nos eixos de Empreendedorismo e Esporte e Cidadania.<\/span><\/p>\n<p class=\"p1\"><strong><span class=\"s1\">Vagas abertas para contrata\u00e7\u00e3o <\/span><\/strong><\/p>\n<p class=\"p1\"><span class=\"s1\">O Assa\u00ed Atacadista est\u00e1 com mais de 200 vagas efetivas abertas, sendo 30 em Bras\u00edlia e 170 no entorno, para contrata\u00e7\u00e3o imediata, com postos inclusivos para pessoas com defici\u00eancia. As vagas abrangem diferentes \u00e1reas operacionais da companhia \u2013 entre fun\u00e7\u00f5es de lideran\u00e7as, t\u00e9cnicas e operacionais. Os interessados devem se cadastrar no site https:\/\/assai.gupy.io\/.<\/span><\/p>\n","protected":false},"excerpt":{"rendered":"<p>Por Samanta Sallum\u00a0 O Instituto Assa\u00ed alcan\u00e7ou um marco na luta contra a fome e o desperd\u00edcio de alimentos no Brasil: a doa\u00e7\u00e3o de mais de 3 milh\u00f5es de refei\u00e7\u00f5es em 2024. Isso \u00e9\u00a0resultado dos projetos Cozinha Solid\u00e1ria, Destino Certo, de doa\u00e7\u00f5es diretas e mobiliza\u00e7\u00f5es. O instituto, que \u00e9 o bra\u00e7o de responsabilidade social do grupo Atacadista Assai, faz parte [&hellip;]<\/p>\n","protected":false},"author":125,"featured_media":17465,"comment_status":"open","ping_status":"open","sticky":false,"template":"","format":"standard","meta":{"footnotes":""},"categories":[6],"tags":[2533,1365,2537,2532,2534,2283,2536,503,2530,2531,326,2535,2],"class_list":["post-17463","post","type-post","status-publish","format-standard","has-post-thumbnail","hentry","category-coluna-capital-s-a","tag-cozinhasolidaria","tag-assai","tag-cidadania","tag-desperdicio","tag-destinocerto","tag-esporte","tag-fabiolavezo","tag-inclusao","tag-institutoassai","tag-pactocontraafome","tag-sustentabilidade","tag-tam","tag-empreendedorismo"],"_links":{"self":[{"href":"https:\/\/blogs.correiobraziliense.com.br\/capital-sa\/wp-json\/wp\/v2\/posts\/17463","targetHints":{"allow":["GET"]}}],"collection":[{"href":"https:\/\/blogs.correiobraziliense.com.br\/capital-sa\/wp-json\/wp\/v2\/posts"}],"about":[{"href":"https:\/\/blogs.correiobraziliense.com.br\/capital-sa\/wp-json\/wp\/v2\/types\/post"}],"author":[{"embeddable":true,"href":"https:\/\/blogs.correiobraziliense.com.br\/capital-sa\/wp-json\/wp\/v2\/users\/125"}],"replies":[{"embeddable":true,"href":"https:\/\/blogs.correiobraziliense.com.br\/capital-sa\/wp-json\/wp\/v2\/comments?post=17463"}],"version-history":[{"count":5,"href":"https:\/\/blogs.correiobraziliense.com.br\/capital-sa\/wp-json\/wp\/v2\/posts\/17463\/revisions"}],"predecessor-version":[{"id":17484,"href":"https:\/\/blogs.correiobraziliense.com.br\/capital-sa\/wp-json\/wp\/v2\/posts\/17463\/revisions\/17484"}],"wp:featuredmedia":[{"embeddable":true,"href":"https:\/\/blogs.correiobraziliense.com.br\/capital-sa\/wp-json\/wp\/v2\/media\/17465"}],"wp:attachment":[{"href":"https:\/\/blogs.correiobraziliense.com.br\/capital-sa\/wp-json\/wp\/v2\/media?parent=17463"}],"wp:term":[{"taxonomy":"category","embeddable":true,"href":"https:\/\/blogs.correiobraziliense.com.br\/capital-sa\/wp-json\/wp\/v2\/categories?post=17463"},{"taxonomy":"post_tag","embeddable":true,"href":"https:\/\/blogs.correiobraziliense.com.br\/capital-sa\/wp-json\/wp\/v2\/tags?post=17463"}],"curies":[{"name":"wp","href":"https:\/\/api.w.org\/{rel}","templated":true}]}}