{"id":17410,"date":"2024-09-30T18:50:16","date_gmt":"2024-09-30T21:50:16","guid":{"rendered":"https:\/\/blogs.correiobraziliense.com.br\/capital-sa\/?p=17410"},"modified":"2024-09-30T21:53:38","modified_gmt":"2024-10-01T00:53:38","slug":"ministros-do-judiciario-no-mane-garrincha","status":"publish","type":"post","link":"https:\/\/blogs.correiobraziliense.com.br\/capital-sa\/2024\/09\/30\/ministros-do-judiciario-no-mane-garrincha\/","title":{"rendered":"Ministros do Judici\u00e1rio no Man\u00e9 Garrincha"},"content":{"rendered":"<p><strong><span style=\"font-size: large\">Por Samanta Sallum com imagem de Ed Alves\u00a0<\/span><\/strong><\/p>\n<p><span style=\"font-size: large\">De olho no jogo S\u00e3o Paulo x Corinthians, o ministro Cristiano Zanin, do STF, e o ministro Ives Gandra Filho, do TST, vestido com a camisa do S\u00e3o Paulo, estavam ontem entre os 25 mil espectadores no est\u00e1dio Man\u00e9 Garrincha, em Bras\u00edlia. O cl\u00e1ssico paulista, na capital federal, atraiu os torcedores s\u00e3o-paulinos. Torcida \u00fanica para o time, j\u00e1 que os corinthianos n\u00e3o puderam participar. O favoritismo se refletiu no campo. Time ganhou de 3&#215;1.<\/span><\/p>\n<p><strong><span style=\"font-size: large\">J\u00e1 Bia Kicis foi para BH\u00a0<\/span><\/strong><\/p>\n<p><img loading=\"lazy\" decoding=\"async\" class=\"aligncenter size-medium wp-image-17414\" src=\"https:\/\/blogs.correiobraziliense.com.br\/capital-sa\/wp-content\/uploads\/sites\/59\/2024\/09\/F06207EC-7BAB-40E0-B8B8-B536ADB6576B-256x300.jpeg\" alt=\"\" width=\"256\" height=\"300\" srcset=\"https:\/\/blogs.correiobraziliense.com.br\/capital-sa\/wp-content\/uploads\/sites\/59\/2024\/09\/F06207EC-7BAB-40E0-B8B8-B536ADB6576B-256x300.jpeg 256w, https:\/\/blogs.correiobraziliense.com.br\/capital-sa\/wp-content\/uploads\/sites\/59\/2024\/09\/F06207EC-7BAB-40E0-B8B8-B536ADB6576B-768x901.jpeg 768w, https:\/\/blogs.correiobraziliense.com.br\/capital-sa\/wp-content\/uploads\/sites\/59\/2024\/09\/F06207EC-7BAB-40E0-B8B8-B536ADB6576B-873x1024.jpeg 873w, https:\/\/blogs.correiobraziliense.com.br\/capital-sa\/wp-content\/uploads\/sites\/59\/2024\/09\/F06207EC-7BAB-40E0-B8B8-B536ADB6576B-800x938.jpeg 800w, https:\/\/blogs.correiobraziliense.com.br\/capital-sa\/wp-content\/uploads\/sites\/59\/2024\/09\/F06207EC-7BAB-40E0-B8B8-B536ADB6576B-550x645.jpeg 550w, https:\/\/blogs.correiobraziliense.com.br\/capital-sa\/wp-content\/uploads\/sites\/59\/2024\/09\/F06207EC-7BAB-40E0-B8B8-B536ADB6576B-230x270.jpeg 230w, https:\/\/blogs.correiobraziliense.com.br\/capital-sa\/wp-content\/uploads\/sites\/59\/2024\/09\/F06207EC-7BAB-40E0-B8B8-B536ADB6576B.jpeg 1170w\" sizes=\"auto, (max-width: 256px) 100vw, 256px\" \/><\/p>\n<p><span style=\"font-size: large\">A deputada federal Bia Kicis (PL\/DF) foi de Bras\u00edlia para Belo Horizonte ontem participar de manifesta\u00e7\u00e3o pelo impeachment do ministro do STF Alexandre de Moraes.\u00a0\u00a0<\/span><\/p>\n","protected":false},"excerpt":{"rendered":"<p>Por Samanta Sallum com imagem de Ed Alves\u00a0 De olho no jogo S\u00e3o Paulo x Corinthians, o ministro Cristiano Zanin, do STF, e o ministro Ives Gandra Filho, do TST, vestido com a camisa do S\u00e3o Paulo, estavam ontem entre os 25 mil espectadores no est\u00e1dio Man\u00e9 Garrincha, em Bras\u00edlia. O cl\u00e1ssico paulista, na capital federal, atraiu os torcedores s\u00e3o-paulinos. [&hellip;]<\/p>\n","protected":false},"author":125,"featured_media":17413,"comment_status":"open","ping_status":"open","sticky":false,"template":"","format":"standard","meta":{"footnotes":""},"categories":[6],"tags":[1775,1590,2516,2517,2518,980,2520,2515,185,2519,41],"class_list":["post-17410","post","type-post","status-publish","format-standard","has-post-thumbnail","hentry","category-coluna-capital-s-a","tag-alexandredemoraes","tag-biakicis","tag-corinthians","tag-cristianozanin","tag-ivesgandrafilho","tag-manegarrincha","tag-pl-df","tag-poderjudiciario","tag-saopaulo","tag-tst","tag-stf"],"_links":{"self":[{"href":"https:\/\/blogs.correiobraziliense.com.br\/capital-sa\/wp-json\/wp\/v2\/posts\/17410","targetHints":{"allow":["GET"]}}],"collection":[{"href":"https:\/\/blogs.correiobraziliense.com.br\/capital-sa\/wp-json\/wp\/v2\/posts"}],"about":[{"href":"https:\/\/blogs.correiobraziliense.com.br\/capital-sa\/wp-json\/wp\/v2\/types\/post"}],"author":[{"embeddable":true,"href":"https:\/\/blogs.correiobraziliense.com.br\/capital-sa\/wp-json\/wp\/v2\/users\/125"}],"replies":[{"embeddable":true,"href":"https:\/\/blogs.correiobraziliense.com.br\/capital-sa\/wp-json\/wp\/v2\/comments?post=17410"}],"version-history":[{"count":7,"href":"https:\/\/blogs.correiobraziliense.com.br\/capital-sa\/wp-json\/wp\/v2\/posts\/17410\/revisions"}],"predecessor-version":[{"id":17419,"href":"https:\/\/blogs.correiobraziliense.com.br\/capital-sa\/wp-json\/wp\/v2\/posts\/17410\/revisions\/17419"}],"wp:featuredmedia":[{"embeddable":true,"href":"https:\/\/blogs.correiobraziliense.com.br\/capital-sa\/wp-json\/wp\/v2\/media\/17413"}],"wp:attachment":[{"href":"https:\/\/blogs.correiobraziliense.com.br\/capital-sa\/wp-json\/wp\/v2\/media?parent=17410"}],"wp:term":[{"taxonomy":"category","embeddable":true,"href":"https:\/\/blogs.correiobraziliense.com.br\/capital-sa\/wp-json\/wp\/v2\/categories?post=17410"},{"taxonomy":"post_tag","embeddable":true,"href":"https:\/\/blogs.correiobraziliense.com.br\/capital-sa\/wp-json\/wp\/v2\/tags?post=17410"}],"curies":[{"name":"wp","href":"https:\/\/api.w.org\/{rel}","templated":true}]}}