{"id":17375,"date":"2024-09-27T14:27:24","date_gmt":"2024-09-27T17:27:24","guid":{"rendered":"https:\/\/blogs.correiobraziliense.com.br\/capital-sa\/?p=17375"},"modified":"2024-09-27T20:12:09","modified_gmt":"2024-09-27T23:12:09","slug":"ambev-paga-nesta-sexta-conta-de-agua-nos-bares-para-moderar-consumo-de-alcool","status":"publish","type":"post","link":"https:\/\/blogs.correiobraziliense.com.br\/capital-sa\/2024\/09\/27\/ambev-paga-nesta-sexta-conta-de-agua-nos-bares-para-moderar-consumo-de-alcool\/","title":{"rendered":"Ambev paga, nesta sexta, conta de \u00e1gua nos bares para moderar consumo de \u00e1lcool"},"content":{"rendered":"<p class=\"p1\"><strong>Por Samanta Sallum\u00a0<\/strong><\/p>\n<p class=\"p1\"><span class=\"s1\">Durante o Dia de Responsa, celebrado nesta sexta-feira, os consumidores ser\u00e3o incentivados a se hidratarem e brindarem com \u00e1gua durante o happy hour (das 18h \u00e0 00h) por conta da Ambev. A companhia vai assumir a conta em mais de 210 bares e restaurantes em Bras\u00edlia, S\u00e3o Paulo, Rio de Janeiro, Belo Horizonte, Porto Alegre, Curitiba, Florian\u00f3polis, Fortaleza, Salvador, entre outras cidades para garantir uma noite<span class=\"Apple-converted-space\">\u00a0<\/span>mais consciente e respons\u00e1vel sobre o consumo de \u00e1lcool.\u00a0<\/span><span class=\"s1\">Confira a lista completa em\u00a0<\/span>https:\/\/ambev.com.br\/diaderesponsa.<\/p>\n<p class=\"p1\"><span class=\"s1\">\u201cChegamos ao nosso 16\u00ba Dia de Responsa, e com o consumo respons\u00e1vel, todo mundo sai ganhando. Dessa vez, fomos al\u00e9m, com iniciativas que impactam diretamente nossos consumidores em um movimento que dura mais de 20 anos. Intercalar uma cerveja gelada com \u00e1gua e comida \u00e9 sempre a melhor pedida para prolongar a noite e garantir mais divers\u00e3o\u201d, comenta Rodrigo Moccia, Diretor de Rela\u00e7\u00f5es Institucionais da Ambev. <\/span><\/p>\n","protected":false},"excerpt":{"rendered":"<p>Por Samanta Sallum\u00a0 Durante o Dia de Responsa, celebrado nesta sexta-feira, os consumidores ser\u00e3o incentivados a se hidratarem e brindarem com \u00e1gua durante o happy hour (das 18h \u00e0 00h) por conta da Ambev. A companhia vai assumir a conta em mais de 210 bares e restaurantes em Bras\u00edlia, S\u00e3o Paulo, Rio de Janeiro, Belo Horizonte, Porto Alegre, Curitiba, Florian\u00f3polis, [&hellip;]<\/p>\n","protected":false},"author":125,"featured_media":17377,"comment_status":"open","ping_status":"open","sticky":false,"template":"","format":"standard","meta":{"footnotes":""},"categories":[6],"tags":[2508,2200,2511,336,2509,2510],"class_list":["post-17375","post","type-post","status-publish","format-standard","has-post-thumbnail","hentry","category-coluna-capital-s-a","tag-alcool","tag-ambev","tag-conscientizacao","tag-consumo","tag-diadaresponsa","tag-rodrigomoccia"],"_links":{"self":[{"href":"https:\/\/blogs.correiobraziliense.com.br\/capital-sa\/wp-json\/wp\/v2\/posts\/17375","targetHints":{"allow":["GET"]}}],"collection":[{"href":"https:\/\/blogs.correiobraziliense.com.br\/capital-sa\/wp-json\/wp\/v2\/posts"}],"about":[{"href":"https:\/\/blogs.correiobraziliense.com.br\/capital-sa\/wp-json\/wp\/v2\/types\/post"}],"author":[{"embeddable":true,"href":"https:\/\/blogs.correiobraziliense.com.br\/capital-sa\/wp-json\/wp\/v2\/users\/125"}],"replies":[{"embeddable":true,"href":"https:\/\/blogs.correiobraziliense.com.br\/capital-sa\/wp-json\/wp\/v2\/comments?post=17375"}],"version-history":[{"count":4,"href":"https:\/\/blogs.correiobraziliense.com.br\/capital-sa\/wp-json\/wp\/v2\/posts\/17375\/revisions"}],"predecessor-version":[{"id":17380,"href":"https:\/\/blogs.correiobraziliense.com.br\/capital-sa\/wp-json\/wp\/v2\/posts\/17375\/revisions\/17380"}],"wp:featuredmedia":[{"embeddable":true,"href":"https:\/\/blogs.correiobraziliense.com.br\/capital-sa\/wp-json\/wp\/v2\/media\/17377"}],"wp:attachment":[{"href":"https:\/\/blogs.correiobraziliense.com.br\/capital-sa\/wp-json\/wp\/v2\/media?parent=17375"}],"wp:term":[{"taxonomy":"category","embeddable":true,"href":"https:\/\/blogs.correiobraziliense.com.br\/capital-sa\/wp-json\/wp\/v2\/categories?post=17375"},{"taxonomy":"post_tag","embeddable":true,"href":"https:\/\/blogs.correiobraziliense.com.br\/capital-sa\/wp-json\/wp\/v2\/tags?post=17375"}],"curies":[{"name":"wp","href":"https:\/\/api.w.org\/{rel}","templated":true}]}}