{"id":17366,"date":"2024-09-26T20:36:36","date_gmt":"2024-09-26T23:36:36","guid":{"rendered":"https:\/\/blogs.correiobraziliense.com.br\/capital-sa\/?p=17366"},"modified":"2024-09-26T22:59:15","modified_gmt":"2024-09-27T01:59:15","slug":"empresa-francesa-ganha-concessao-da-rota-dos-cristais","status":"publish","type":"post","link":"https:\/\/blogs.correiobraziliense.com.br\/capital-sa\/2024\/09\/26\/empresa-francesa-ganha-concessao-da-rota-dos-cristais\/","title":{"rendered":"Empresa francesa ganha concess\u00e3o da Rota dos Cristais"},"content":{"rendered":"<p><em>Desde 2007, empresa estrangeira n\u00e3o vencia leil\u00e3o para gest\u00e3o de rodovia no pa\u00eds. Concorr\u00eancia do Minist\u00e9rio dos Transportes foi a mais disputada dos \u00faltimos seis anos por um ativo federal. Rota \u00e9\u00a0<\/em><em>estrat\u00e9gica\u00a0<\/em><em>para o agroneg\u00f3cio<\/em><\/p>\n<p class=\"p1\"><strong>Por Samanta Sallum\u00a0<\/strong><\/p>\n<p class=\"p1\"><span class=\"s1\">O leil\u00e3o da BR-040\/GO\/MG, no trecho que vai de Cristalina (GO) a Belo Horizonte (MG), foi o mais concorrido dos \u00faltimos certames promovidos pelo Minist\u00e9rio dos Transportes. Quatro empresas apresentaram propostas para a disputa, cuja sess\u00e3o p\u00fablica para a escolha do novo gestor da chamada Rota dos Cristais ocorreu hoje na Bolsa de Valores de S\u00e3o Paulo. A francesa Vinci, que globalmente opera rodovias em 14 pa\u00edses, foi a vencedora.<br \/>\n<\/span><\/p>\n<p class=\"p1\">A empresa\u00a0atua no Brasil principalmente no setor de concess\u00f5es de aeroportos. Mas j\u00e1 tem um primeiro ativo no segmento rodovi\u00e1rio, a Entrevias, concess\u00e3o em S\u00e3o Paulo cujo controle foi comprado do P\u00e1tria em 2022 , que segue como s\u00f3cio no contrato.<\/p>\n<p class=\"p1\">A nova concess\u00e3o deve resultar em R$ 12,09 bilh\u00f5es em investimentos ao longo do contrato de 30 anos, somadas novas obras e servi\u00e7os operacionais previstos para o segmento. O trecho contemplado no leil\u00e3o tem 594,8 quil\u00f4metros de extens\u00e3o.<\/p>\n<p class=\"p1\">A sess\u00e3o de leil\u00e3o teve a presen\u00e7a do vice-presidente Geraldo Alckmin e do ministro dos Transportes, Renan Filho.<\/p>\n<p class=\"p1\"><strong><span class=\"s1\">Polo industrial de alimentos <\/span><\/strong><\/p>\n<p class=\"p1\"><span class=\"s1\">A rodovia \u00e9 estrat\u00e9gica para o agroneg\u00f3cio brasileiro, ao ligar o Centro-Oeste a uma parte do Sudeste. Cristalina \u00e9 o ponto de partida do trecho posto a leil\u00e3o. O munic\u00edpio se destaca pela produ\u00e7\u00e3o de soja, milho, feij\u00e3o, algod\u00e3o, sorgo e arroz; despontando como polo industrial de alimentos desde 2010, com a instala\u00e7\u00e3o de grandes empresas.<\/span><\/p>\n<p class=\"p1\"><strong><span class=\"s1\">Obras de duplica\u00e7\u00e3o no trecho goiano <\/span><\/strong><\/p>\n<p class=\"p1\"><span class=\"s1\">Na concess\u00e3o, a por\u00e7\u00e3o goiana da Rota dos Cristais ser\u00e1 beneficiada com 9,9 quil\u00f4metros de duplica\u00e7\u00e3o e 13,62 quil\u00f4metros em faixas adicionais em pista dupla, al\u00e9m de 14 novos acessos e 14 pontos de parada para \u00f4nibus.<\/span><\/p>\n<p class=\"p1\">\n","protected":false},"excerpt":{"rendered":"<p>Desde 2007, empresa estrangeira n\u00e3o vencia leil\u00e3o para gest\u00e3o de rodovia no pa\u00eds. Concorr\u00eancia do Minist\u00e9rio dos Transportes foi a mais disputada dos \u00faltimos seis anos por um ativo federal. Rota \u00e9\u00a0estrat\u00e9gica\u00a0para o agroneg\u00f3cio Por Samanta Sallum\u00a0 O leil\u00e3o da BR-040\/GO\/MG, no trecho que vai de Cristalina (GO) a Belo Horizonte (MG), foi o mais concorrido dos \u00faltimos certames promovidos [&hellip;]<\/p>\n","protected":false},"author":125,"featured_media":17369,"comment_status":"open","ping_status":"open","sticky":false,"template":"","format":"standard","meta":{"footnotes":""},"categories":[6],"tags":[586,2506,276,2503,108,2504,2505,2507],"class_list":["post-17366","post","type-post","status-publish","format-standard","has-post-thumbnail","hentry","category-coluna-capital-s-a","tag-agronegocio","tag-concessao","tag-economia","tag-geraldoalckmin","tag-leilao","tag-renanfilho","tag-rotadoscristais","tag-vinci"],"_links":{"self":[{"href":"https:\/\/blogs.correiobraziliense.com.br\/capital-sa\/wp-json\/wp\/v2\/posts\/17366","targetHints":{"allow":["GET"]}}],"collection":[{"href":"https:\/\/blogs.correiobraziliense.com.br\/capital-sa\/wp-json\/wp\/v2\/posts"}],"about":[{"href":"https:\/\/blogs.correiobraziliense.com.br\/capital-sa\/wp-json\/wp\/v2\/types\/post"}],"author":[{"embeddable":true,"href":"https:\/\/blogs.correiobraziliense.com.br\/capital-sa\/wp-json\/wp\/v2\/users\/125"}],"replies":[{"embeddable":true,"href":"https:\/\/blogs.correiobraziliense.com.br\/capital-sa\/wp-json\/wp\/v2\/comments?post=17366"}],"version-history":[{"count":7,"href":"https:\/\/blogs.correiobraziliense.com.br\/capital-sa\/wp-json\/wp\/v2\/posts\/17366\/revisions"}],"predecessor-version":[{"id":17374,"href":"https:\/\/blogs.correiobraziliense.com.br\/capital-sa\/wp-json\/wp\/v2\/posts\/17366\/revisions\/17374"}],"wp:featuredmedia":[{"embeddable":true,"href":"https:\/\/blogs.correiobraziliense.com.br\/capital-sa\/wp-json\/wp\/v2\/media\/17369"}],"wp:attachment":[{"href":"https:\/\/blogs.correiobraziliense.com.br\/capital-sa\/wp-json\/wp\/v2\/media?parent=17366"}],"wp:term":[{"taxonomy":"category","embeddable":true,"href":"https:\/\/blogs.correiobraziliense.com.br\/capital-sa\/wp-json\/wp\/v2\/categories?post=17366"},{"taxonomy":"post_tag","embeddable":true,"href":"https:\/\/blogs.correiobraziliense.com.br\/capital-sa\/wp-json\/wp\/v2\/tags?post=17366"}],"curies":[{"name":"wp","href":"https:\/\/api.w.org\/{rel}","templated":true}]}}