{"id":17343,"date":"2024-09-24T13:29:29","date_gmt":"2024-09-24T16:29:29","guid":{"rendered":"https:\/\/blogs.correiobraziliense.com.br\/capital-sa\/?p=17343"},"modified":"2024-09-28T18:52:11","modified_gmt":"2024-09-28T21:52:11","slug":"moda-sustentavel-brasileira-em-destaque-na-semana-de-milao","status":"publish","type":"post","link":"https:\/\/blogs.correiobraziliense.com.br\/capital-sa\/2024\/09\/24\/moda-sustentavel-brasileira-em-destaque-na-semana-de-milao\/","title":{"rendered":"Moda sustent\u00e1vel brasileira em destaque na Semana de Mil\u00e3o"},"content":{"rendered":"<p class=\"p1\"><strong>Por Samanta Sallum\u00a0<\/strong><\/p>\n<p class=\"p1\"><span class=\"s1\">A ApexBrasil realizou evento in\u00e9dito em Mil\u00e3o com a participa\u00e7\u00e3o de 20 designers nacionais comprometidos com a moda criativa, inovadora, social e ambientalmente consciente. Flavia Amadeu do Distrito Federal participou com joias e pe\u00e7as de moda elaboradas em colabora\u00e7\u00e3o com pequenos produtores e artes\u00e3os que dependem de recursos naturais sustent\u00e1veis. Ela foi a \u00fanica representante da capital federal.<\/span><\/p>\n<p class=\"p1\"><strong><span class=\"s1\">Consumo consciente <\/span><\/strong><\/p>\n<p class=\"p1\"><span class=\"s1\">\u201c\u00c9 nesse contexto de amplia\u00e7\u00e3o das a\u00e7\u00f5es em torno do consumo consciente, do crescimento sustent\u00e1vel das empresas e de posicionar o Brasil como um produtor mundial de excel\u00eancia que chegamos a Mil\u00e3o\u201d, afirmou o presidente de ApexBrasil, Jorge Viana, refor\u00e7ando que o evento valoriza \u201cessa fus\u00e3o de tradi\u00e7\u00e3o e inova\u00e7\u00e3o que cria um cen\u00e1rio de moda \u00fanico, rico em hist\u00f3ria e voltado para o futuro\u201d.<span class=\"Apple-converted-space\">\u00a0 \u00a0<\/span><\/span><\/p>\n<p class=\"p1\"><strong><span class=\"s1\">Sele\u00e7\u00e3o pelos princ\u00edpios ESG<\/span><\/strong><\/p>\n<p class=\"p1\"><span class=\"s1\">As 20 marcas brasileiras participantes foram selecionadas com base nos princ\u00edpios ESG (ambiental, social e governan\u00e7a), levando em conta a prontid\u00e3o para exportar e a rela\u00e7\u00e3o com a cultura e tradi\u00e7\u00e3o locais. Al\u00e9m disso, foi observado o uso de materiais regionais e de t\u00e9cnicas artesanais e a ado\u00e7\u00e3o de designs inovativos, sustent\u00e1veis e dur\u00e1veis. A curadoria contou com a parceria das empresas especializadas em moda sustent\u00e1vel ADN Reset e M\u00e9tier Tropical.<\/span><\/p>\n","protected":false},"excerpt":{"rendered":"<p>Por Samanta Sallum\u00a0 A ApexBrasil realizou evento in\u00e9dito em Mil\u00e3o com a participa\u00e7\u00e3o de 20 designers nacionais comprometidos com a moda criativa, inovadora, social e ambientalmente consciente. Flavia Amadeu do Distrito Federal participou com joias e pe\u00e7as de moda elaboradas em colabora\u00e7\u00e3o com pequenos produtores e artes\u00e3os que dependem de recursos naturais sustent\u00e1veis. Ela foi a \u00fanica representante da capital [&hellip;]<\/p>\n","protected":false},"author":125,"featured_media":17382,"comment_status":"open","ping_status":"open","sticky":false,"template":"","format":"standard","meta":{"footnotes":""},"categories":[6],"tags":[2258,336,2494,2493,351,2495,2496,326,55],"class_list":["post-17343","post","type-post","status-publish","format-standard","has-post-thumbnail","hentry","category-coluna-capital-s-a","tag-apexbrasil","tag-consumo","tag-consumoconsciente","tag-flaviaamadeu","tag-inovacao","tag-jorgeviana","tag-principiosesg","tag-sustentabilidade","tag-moda"],"_links":{"self":[{"href":"https:\/\/blogs.correiobraziliense.com.br\/capital-sa\/wp-json\/wp\/v2\/posts\/17343","targetHints":{"allow":["GET"]}}],"collection":[{"href":"https:\/\/blogs.correiobraziliense.com.br\/capital-sa\/wp-json\/wp\/v2\/posts"}],"about":[{"href":"https:\/\/blogs.correiobraziliense.com.br\/capital-sa\/wp-json\/wp\/v2\/types\/post"}],"author":[{"embeddable":true,"href":"https:\/\/blogs.correiobraziliense.com.br\/capital-sa\/wp-json\/wp\/v2\/users\/125"}],"replies":[{"embeddable":true,"href":"https:\/\/blogs.correiobraziliense.com.br\/capital-sa\/wp-json\/wp\/v2\/comments?post=17343"}],"version-history":[{"count":4,"href":"https:\/\/blogs.correiobraziliense.com.br\/capital-sa\/wp-json\/wp\/v2\/posts\/17343\/revisions"}],"predecessor-version":[{"id":17356,"href":"https:\/\/blogs.correiobraziliense.com.br\/capital-sa\/wp-json\/wp\/v2\/posts\/17343\/revisions\/17356"}],"wp:featuredmedia":[{"embeddable":true,"href":"https:\/\/blogs.correiobraziliense.com.br\/capital-sa\/wp-json\/wp\/v2\/media\/17382"}],"wp:attachment":[{"href":"https:\/\/blogs.correiobraziliense.com.br\/capital-sa\/wp-json\/wp\/v2\/media?parent=17343"}],"wp:term":[{"taxonomy":"category","embeddable":true,"href":"https:\/\/blogs.correiobraziliense.com.br\/capital-sa\/wp-json\/wp\/v2\/categories?post=17343"},{"taxonomy":"post_tag","embeddable":true,"href":"https:\/\/blogs.correiobraziliense.com.br\/capital-sa\/wp-json\/wp\/v2\/tags?post=17343"}],"curies":[{"name":"wp","href":"https:\/\/api.w.org\/{rel}","templated":true}]}}