{"id":17333,"date":"2024-09-23T14:04:49","date_gmt":"2024-09-23T17:04:49","guid":{"rendered":"https:\/\/blogs.correiobraziliense.com.br\/capital-sa\/?p=17333"},"modified":"2024-09-23T17:09:15","modified_gmt":"2024-09-23T20:09:15","slug":"antes-desmatavam-agora-a-nova-forma-de-grilagem-degarada-e-queima-diz-sinduscon-df","status":"publish","type":"post","link":"https:\/\/blogs.correiobraziliense.com.br\/capital-sa\/2024\/09\/23\/antes-desmatavam-agora-a-nova-forma-de-grilagem-degarada-e-queima-diz-sinduscon-df\/","title":{"rendered":"\u201cAntes desmatavam. Agora, a nova forma de grilagem degrada e queima\u201d, diz Sinduscon\/DF"},"content":{"rendered":"<p><em>Sindicato da Ind\u00fastria da Constru\u00e7\u00e3o Civil re\u00fane autoridades do Judici\u00e1rio, GDF e Minist\u00e9rio P\u00fablico em evento para combater a grilagem e evitar suas consequ\u00eancias ambientais<\/em><\/p>\n<p><strong>Por Samanta Sallum\u00a0<\/strong><\/p>\n<p>\u201cMuitas vezes, os criminosos usam diversos artif\u00edcios para tentar descaracterizar uma \u00e1rea ambiental, porque uma \u00e1rea devastada chama menos aten\u00e7\u00e3o e \u00e9 mais f\u00e1cil para ser parcelada de forma irregular. \u00c9 o modus operandi desses criminosos&#8221;, aponta o diretor de Meio Ambiente e Sustentabilidade do Sinduscon-DF, Luciano Alencar. Os avan\u00e7os dos inc\u00eandios e demais consequ\u00eancias ambientais provocados pela grilagem ser\u00e3o debatidas amanh\u00e3 em evento realizado pelo Sindicato da Ind\u00fastria da Constru\u00e7\u00e3o Civil do Distrito Federal.<\/p>\n<p>Autoridades do Executivo, do Judici\u00e1rio e do Minist\u00e9rio P\u00fablico v\u00e3o apresentar as principais estrat\u00e9gias de combate ao crime.<\/p>\n<p class=\"p1\"><strong><span class=\"s1\">Crise h\u00eddrica <\/span><\/strong><\/p>\n<p class=\"p1\"><span class=\"s1\">Por se tratar do Distrito Federal, as invas\u00f5es em \u00e1reas impr\u00f3prias comprometem a capacidade h\u00eddrica, pois muitas delas ocorrem em \u00e1reas ecologicamente sens\u00edveis. Isso diminui a capacidade de recarga de aqu\u00edfero, o que resultar\u00e1 em desabastecimento da popula\u00e7\u00e3o brasiliense, como ocorreu em 2018.<\/span><\/p>\n<p class=\"p1\">\u201cAntes desmatavam. Agora, a nova forma de grilagem degarada e queima\u201d, frisa Luciano Alencar.<\/p>\n<p class=\"p1\">Muitas presen\u00e7as importantes est\u00e3o confirmadas no debate: o presidente da C\u00e2mara Legislativa, Wellington Luiz; o desembargador Renato Scussel, presidente da Comiss\u00e3o Regional de Solu\u00e7\u00f5es Fundi\u00e1rias do TJDFT; os secret\u00e1rios de Meio Ambiente, Gutemberg Gomes; de Desenvolvimento Urbano e Habita\u00e7\u00e3o, Marcelo Vaz;\u00a0 e o presidente do Instituto Bras\u00edlia Ambiental (Ibram), R\u00f4ney Nemer.<\/p>\n<p class=\"p1\"><span class=\"s1\">O juiz do TJDFT Carlos Maroja e o promotor de Justi\u00e7a do MODFT Denio Augusto de Oliveira Moura tamb\u00e9m participam. O presidente da Ademi-DF, Roberto Botelho, ser\u00e1 um dia mediadores, al\u00e9m do anfitri\u00e3o do evento, Adalberto Valad\u00e3o Jr, presidente do Sinduscon.<\/span><\/p>\n","protected":false},"excerpt":{"rendered":"<p>Sindicato da Ind\u00fastria da Constru\u00e7\u00e3o Civil re\u00fane autoridades do Judici\u00e1rio, GDF e Minist\u00e9rio P\u00fablico em evento para combater a grilagem e evitar suas consequ\u00eancias ambientais Por Samanta Sallum\u00a0 \u201cMuitas vezes, os criminosos usam diversos artif\u00edcios para tentar descaracterizar uma \u00e1rea ambiental, porque uma \u00e1rea devastada chama menos aten\u00e7\u00e3o e \u00e9 mais f\u00e1cil para ser parcelada de forma irregular. \u00c9 o [&hellip;]<\/p>\n","protected":false},"author":125,"featured_media":17337,"comment_status":"open","ping_status":"open","sticky":false,"template":"","format":"standard","meta":{"footnotes":""},"categories":[6],"tags":[2492,1686,2094,2489,1462,2488,203,2484,1567,2485,2487,2491,2028,2486,1212,2490],"class_list":["post-17333","post","type-post","status-publish","format-standard","has-post-thumbnail","hentry","category-coluna-capital-s-a","tag-ademi-df","tag-cldf","tag-construcaocivil","tag-crisehidrica","tag-desmatamento","tag-executivo","tag-gdf","tag-grilagem","tag-ibram","tag-judiciario","tag-lucianoalencar","tag-modft","tag-mp","tag-sinduscon-df","tag-tjdft","tag-wellingtonluiz"],"_links":{"self":[{"href":"https:\/\/blogs.correiobraziliense.com.br\/capital-sa\/wp-json\/wp\/v2\/posts\/17333","targetHints":{"allow":["GET"]}}],"collection":[{"href":"https:\/\/blogs.correiobraziliense.com.br\/capital-sa\/wp-json\/wp\/v2\/posts"}],"about":[{"href":"https:\/\/blogs.correiobraziliense.com.br\/capital-sa\/wp-json\/wp\/v2\/types\/post"}],"author":[{"embeddable":true,"href":"https:\/\/blogs.correiobraziliense.com.br\/capital-sa\/wp-json\/wp\/v2\/users\/125"}],"replies":[{"embeddable":true,"href":"https:\/\/blogs.correiobraziliense.com.br\/capital-sa\/wp-json\/wp\/v2\/comments?post=17333"}],"version-history":[{"count":4,"href":"https:\/\/blogs.correiobraziliense.com.br\/capital-sa\/wp-json\/wp\/v2\/posts\/17333\/revisions"}],"predecessor-version":[{"id":17338,"href":"https:\/\/blogs.correiobraziliense.com.br\/capital-sa\/wp-json\/wp\/v2\/posts\/17333\/revisions\/17338"}],"wp:featuredmedia":[{"embeddable":true,"href":"https:\/\/blogs.correiobraziliense.com.br\/capital-sa\/wp-json\/wp\/v2\/media\/17337"}],"wp:attachment":[{"href":"https:\/\/blogs.correiobraziliense.com.br\/capital-sa\/wp-json\/wp\/v2\/media?parent=17333"}],"wp:term":[{"taxonomy":"category","embeddable":true,"href":"https:\/\/blogs.correiobraziliense.com.br\/capital-sa\/wp-json\/wp\/v2\/categories?post=17333"},{"taxonomy":"post_tag","embeddable":true,"href":"https:\/\/blogs.correiobraziliense.com.br\/capital-sa\/wp-json\/wp\/v2\/tags?post=17333"}],"curies":[{"name":"wp","href":"https:\/\/api.w.org\/{rel}","templated":true}]}}