{"id":17267,"date":"2024-09-17T10:54:58","date_gmt":"2024-09-17T13:54:58","guid":{"rendered":"https:\/\/blogs.correiobraziliense.com.br\/capital-sa\/?p=17267"},"modified":"2024-09-17T15:47:23","modified_gmt":"2024-09-17T18:47:23","slug":"energia-eletrica-preocupacao-com-transicao-da-seca-para-chuvas","status":"publish","type":"post","link":"https:\/\/blogs.correiobraziliense.com.br\/capital-sa\/2024\/09\/17\/energia-eletrica-preocupacao-com-transicao-da-seca-para-chuvas\/","title":{"rendered":"Energia el\u00e9trica: preocupa\u00e7\u00e3o com transi\u00e7\u00e3o da seca para as chuvas"},"content":{"rendered":"<p class=\"p1\"><strong>Por Samanta Sallum\u00a0<\/strong><\/p>\n<p class=\"p1\"><span class=\"s1\">Mesmo enfrentando um longo per\u00edodo de seca e calor &#8211; j\u00e1 s\u00e3o 146 dias sem chuva -, a Neoenergia Bras\u00edlia se prepara para o per\u00edodo chuvoso que est\u00e1 por vir, previsto para o in\u00edcio do m\u00eas de outubro. A empresa se reuniu com o procurador Jos\u00e9 Eduardo Sabo, do Minist\u00e9rio P\u00fablico do Distrito Federal e Territ\u00f3rios (MPDFT), para apresentar as a\u00e7\u00f5es que t\u00eam sido realizadas para o momento de maior instabilidade na rede el\u00e9trica.<\/span><\/p>\n<p>A Neoenergia Bras\u00edlia informou que, nos \u00faltimos tr\u00eas anos, investiu mais de R$ 900 milh\u00f5es em expans\u00e3o, moderniza\u00e7\u00e3o e infraestrutura da rede el\u00e9trica. A previs\u00e3o \u00e9 de R$ 1,4 bilh\u00e3o nos pr\u00f3ximos cinco anos. Com os investimentos, a distribuidora garante que reduziu em 42% a falta de energia em toda a capital federal.<\/p>\n<p class=\"p1\"><span class=\"s1\">\u201cVamos apresentar esse plano de prepara\u00e7\u00e3o para a esta\u00e7\u00e3o chuvosa para v\u00e1rios stakeholders importantes e para imprensa. A ideia \u00e9 mostrar que estamos prontos para encarar esse momento das chuvas, que \u00e9 quando os ventos e raios atingem mais fortemente as redes el\u00e9tricas\u201d, explica Frederico Candian.<\/span><\/p>\n<p><strong>Integra\u00e7\u00e3o operacional\u00a0<\/strong><\/p>\n<p>A PDDC acompanha o trabalho da empresa desde 2021, quando ela recebeu a concess\u00e3o para a distribui\u00e7\u00e3o de energia el\u00e9trica no Distrito Federal. O procurador distrital dos direitos do cidad\u00e3o, Eduardo Sabo, considera positivas as medidas tomadas pela Neoenergia. \u201cEssa aten\u00e7\u00e3o permite melhor integra\u00e7\u00e3o entre os \u00f3rg\u00e3os para o monitoramento das situa\u00e7\u00f5es de emerg\u00eancia\u201d, afirmou.<\/p>\n<p>A reuni\u00e3o foi realizada na sede da Neoenergia Bras\u00edlia e contou com a presen\u00e7a de Frederico Candian, diretor-presidente da distribuidora; do diretor-superintendente T\u00e9cnico, Ant\u00f4nio Carlos Queiroz; do diretor-superintendente de Relacionamento com o Cliente, Gustavo \u00c1lvares; e do gerente jur\u00eddico, Raisler Zape.<\/p>\n","protected":false},"excerpt":{"rendered":"<p>Por Samanta Sallum\u00a0 Mesmo enfrentando um longo per\u00edodo de seca e calor &#8211; j\u00e1 s\u00e3o 146 dias sem chuva -, a Neoenergia Bras\u00edlia se prepara para o per\u00edodo chuvoso que est\u00e1 por vir, previsto para o in\u00edcio do m\u00eas de outubro. A empresa se reuniu com o procurador Jos\u00e9 Eduardo Sabo, do Minist\u00e9rio P\u00fablico do Distrito Federal e Territ\u00f3rios (MPDFT), [&hellip;]<\/p>\n","protected":false},"author":125,"featured_media":17272,"comment_status":"open","ping_status":"open","sticky":false,"template":"","format":"standard","meta":{"footnotes":""},"categories":[6],"tags":[2457,2460,2450,1513,374,2455,2458,2189,2456,2453,2452,1433,2454,2097,2447,2459,2461,2451,48],"class_list":["post-17267","post","type-post","status-publish","format-standard","has-post-thumbnail","hentry","category-coluna-capital-s-a","tag-antoniocarlosqueiroz","tag-chuvas","tag-eletronica","tag-energia","tag-expansao","tag-fredericocandian","tag-gustavoalvares","tag-infraestrutura","tag-joseeduardosabo","tag-modernizacao","tag-mpdft","tag-neoenergia","tag-pddc","tag-prevencao","tag-queimadas","tag-raislerzape","tag-redeeletrica","tag-seca","tag-calor"],"_links":{"self":[{"href":"https:\/\/blogs.correiobraziliense.com.br\/capital-sa\/wp-json\/wp\/v2\/posts\/17267","targetHints":{"allow":["GET"]}}],"collection":[{"href":"https:\/\/blogs.correiobraziliense.com.br\/capital-sa\/wp-json\/wp\/v2\/posts"}],"about":[{"href":"https:\/\/blogs.correiobraziliense.com.br\/capital-sa\/wp-json\/wp\/v2\/types\/post"}],"author":[{"embeddable":true,"href":"https:\/\/blogs.correiobraziliense.com.br\/capital-sa\/wp-json\/wp\/v2\/users\/125"}],"replies":[{"embeddable":true,"href":"https:\/\/blogs.correiobraziliense.com.br\/capital-sa\/wp-json\/wp\/v2\/comments?post=17267"}],"version-history":[{"count":10,"href":"https:\/\/blogs.correiobraziliense.com.br\/capital-sa\/wp-json\/wp\/v2\/posts\/17267\/revisions"}],"predecessor-version":[{"id":17278,"href":"https:\/\/blogs.correiobraziliense.com.br\/capital-sa\/wp-json\/wp\/v2\/posts\/17267\/revisions\/17278"}],"wp:featuredmedia":[{"embeddable":true,"href":"https:\/\/blogs.correiobraziliense.com.br\/capital-sa\/wp-json\/wp\/v2\/media\/17272"}],"wp:attachment":[{"href":"https:\/\/blogs.correiobraziliense.com.br\/capital-sa\/wp-json\/wp\/v2\/media?parent=17267"}],"wp:term":[{"taxonomy":"category","embeddable":true,"href":"https:\/\/blogs.correiobraziliense.com.br\/capital-sa\/wp-json\/wp\/v2\/categories?post=17267"},{"taxonomy":"post_tag","embeddable":true,"href":"https:\/\/blogs.correiobraziliense.com.br\/capital-sa\/wp-json\/wp\/v2\/tags?post=17267"}],"curies":[{"name":"wp","href":"https:\/\/api.w.org\/{rel}","templated":true}]}}