{"id":17247,"date":"2024-09-16T16:32:07","date_gmt":"2024-09-16T19:32:07","guid":{"rendered":"https:\/\/blogs.correiobraziliense.com.br\/capital-sa\/?p=17247"},"modified":"2024-09-16T16:59:07","modified_gmt":"2024-09-16T19:59:07","slug":"tecnologia-usada-no-agronegocio-podia-ajudar-no-combate-a-incendios-florestais","status":"publish","type":"post","link":"https:\/\/blogs.correiobraziliense.com.br\/capital-sa\/2024\/09\/16\/tecnologia-usada-no-agronegocio-podia-ajudar-no-combate-a-incendios-florestais\/","title":{"rendered":"Tecnologia usada no Agroneg\u00f3cio poderia ajudar no combate a inc\u00eandios florestais"},"content":{"rendered":"<p><strong>Por Samanta Sallum\u00a0<\/strong><\/p>\n<p class=\"p2\"><span class=\"s1\">H\u00e1 146 dias sem chover, com 32 inc\u00eandios ocorrendo nesta tarde, e mais de 1 mil hectares do Parque Nacional queimados, faz-se urgente no Distrito Federal o refor\u00e7o ao trabalho para debelar o fogo. A situa\u00e7\u00e3o de emerg\u00eancia ambiental tamb\u00e9m afeta diversas regi\u00f5es do pa\u00eds. E especialistas\u00a0<\/span>na \u00e1rea de TI apontam que o uso de tecnologia poderia evitar que as chamas se alastrassem, identificando j\u00e1 no in\u00edcio os focos e acionando ainda no come\u00e7o a a\u00e7\u00e3o para conter os inc\u00eandios florestais.<\/p>\n<p><img loading=\"lazy\" decoding=\"async\" class=\"aligncenter size-medium wp-image-17254\" src=\"https:\/\/blogs.correiobraziliense.com.br\/capital-sa\/wp-content\/uploads\/sites\/59\/2024\/09\/F482BBD7-6FE5-4829-B555-561330240279-300x200.jpeg\" alt=\"\" width=\"300\" height=\"200\" srcset=\"https:\/\/blogs.correiobraziliense.com.br\/capital-sa\/wp-content\/uploads\/sites\/59\/2024\/09\/F482BBD7-6FE5-4829-B555-561330240279-300x200.jpeg 300w, https:\/\/blogs.correiobraziliense.com.br\/capital-sa\/wp-content\/uploads\/sites\/59\/2024\/09\/F482BBD7-6FE5-4829-B555-561330240279-768x512.jpeg 768w, https:\/\/blogs.correiobraziliense.com.br\/capital-sa\/wp-content\/uploads\/sites\/59\/2024\/09\/F482BBD7-6FE5-4829-B555-561330240279-1024x683.jpeg 1024w, https:\/\/blogs.correiobraziliense.com.br\/capital-sa\/wp-content\/uploads\/sites\/59\/2024\/09\/F482BBD7-6FE5-4829-B555-561330240279-800x533.jpeg 800w, https:\/\/blogs.correiobraziliense.com.br\/capital-sa\/wp-content\/uploads\/sites\/59\/2024\/09\/F482BBD7-6FE5-4829-B555-561330240279-550x367.jpeg 550w, https:\/\/blogs.correiobraziliense.com.br\/capital-sa\/wp-content\/uploads\/sites\/59\/2024\/09\/F482BBD7-6FE5-4829-B555-561330240279-230x153.jpeg 230w, https:\/\/blogs.correiobraziliense.com.br\/capital-sa\/wp-content\/uploads\/sites\/59\/2024\/09\/F482BBD7-6FE5-4829-B555-561330240279.jpeg 1200w\" sizes=\"auto, (max-width: 300px) 100vw, 300px\" \/><\/p>\n<p class=\"p2\"><span class=\"s1\">\u201cAs regi\u00f5es de prote\u00e7\u00e3o ambiental podem ser monitoradas por c\u00e2meras, aplicativos, sensores de temperatura, que, ao identificarem o in\u00edcio do inc\u00eandio, j\u00e1 acionam algum procedimento de conten\u00e7\u00e3o. Um exemplo<\/span><span class=\"s1\">\u00a0\u00e9 o uso dos drones. H\u00e1 equipamentos que conseguem deslocar pelo ar ate 200 litros de \u00e1gua. Essa tecnologia j\u00e1 \u00e9 usada no agroneg\u00f3cio para preservar as planta\u00e7\u00f5es\u201d, apontou hoje o presidente do Sindicato da Ind\u00fastria da Informa\u00e7\u00e3o (Sinfor\/DF), Carlos Jacobino, durante o programa<strong> CB Poder<\/strong>, uma parceria do Correio Braziliense com a TV Bras\u00edlia.<\/span><\/p>\n","protected":false},"excerpt":{"rendered":"<p>Por Samanta Sallum\u00a0 H\u00e1 146 dias sem chover, com 32 inc\u00eandios ocorrendo nesta tarde, e mais de 1 mil hectares do Parque Nacional queimados, faz-se urgente no Distrito Federal o refor\u00e7o ao trabalho para debelar o fogo. A situa\u00e7\u00e3o de emerg\u00eancia ambiental tamb\u00e9m afeta diversas regi\u00f5es do pa\u00eds. E especialistas\u00a0na \u00e1rea de TI apontam que o uso de tecnologia poderia [&hellip;]<\/p>\n","protected":false},"author":125,"featured_media":17253,"comment_status":"open","ping_status":"open","sticky":false,"template":"","format":"standard","meta":{"footnotes":""},"categories":[6],"tags":[2268,586,2446,2449,2448,1199,1595,2447,2445,33],"class_list":["post-17247","post","type-post","status-publish","format-standard","has-post-thumbnail","hentry","category-coluna-capital-s-a","tag-agro","tag-agronegocio","tag-carlosjacobino","tag-florestas","tag-incendios","tag-meioambiente","tag-preservacao","tag-queimadas","tag-sinfor","tag-tecnologia"],"_links":{"self":[{"href":"https:\/\/blogs.correiobraziliense.com.br\/capital-sa\/wp-json\/wp\/v2\/posts\/17247","targetHints":{"allow":["GET"]}}],"collection":[{"href":"https:\/\/blogs.correiobraziliense.com.br\/capital-sa\/wp-json\/wp\/v2\/posts"}],"about":[{"href":"https:\/\/blogs.correiobraziliense.com.br\/capital-sa\/wp-json\/wp\/v2\/types\/post"}],"author":[{"embeddable":true,"href":"https:\/\/blogs.correiobraziliense.com.br\/capital-sa\/wp-json\/wp\/v2\/users\/125"}],"replies":[{"embeddable":true,"href":"https:\/\/blogs.correiobraziliense.com.br\/capital-sa\/wp-json\/wp\/v2\/comments?post=17247"}],"version-history":[{"count":15,"href":"https:\/\/blogs.correiobraziliense.com.br\/capital-sa\/wp-json\/wp\/v2\/posts\/17247\/revisions"}],"predecessor-version":[{"id":17266,"href":"https:\/\/blogs.correiobraziliense.com.br\/capital-sa\/wp-json\/wp\/v2\/posts\/17247\/revisions\/17266"}],"wp:featuredmedia":[{"embeddable":true,"href":"https:\/\/blogs.correiobraziliense.com.br\/capital-sa\/wp-json\/wp\/v2\/media\/17253"}],"wp:attachment":[{"href":"https:\/\/blogs.correiobraziliense.com.br\/capital-sa\/wp-json\/wp\/v2\/media?parent=17247"}],"wp:term":[{"taxonomy":"category","embeddable":true,"href":"https:\/\/blogs.correiobraziliense.com.br\/capital-sa\/wp-json\/wp\/v2\/categories?post=17247"},{"taxonomy":"post_tag","embeddable":true,"href":"https:\/\/blogs.correiobraziliense.com.br\/capital-sa\/wp-json\/wp\/v2\/tags?post=17247"}],"curies":[{"name":"wp","href":"https:\/\/api.w.org\/{rel}","templated":true}]}}