{"id":17234,"date":"2024-09-12T15:51:46","date_gmt":"2024-09-12T18:51:46","guid":{"rendered":"https:\/\/blogs.correiobraziliense.com.br\/capital-sa\/?p=17234"},"modified":"2024-09-12T16:00:45","modified_gmt":"2024-09-12T19:00:45","slug":"polemica-na-inclusao-de-plataformas-de-delivery-no-perse","status":"publish","type":"post","link":"https:\/\/blogs.correiobraziliense.com.br\/capital-sa\/2024\/09\/12\/polemica-na-inclusao-de-plataformas-de-delivery-no-perse\/","title":{"rendered":"Pol\u00eamica na inclus\u00e3o de plataformas de delivery no Perse"},"content":{"rendered":"<p class=\"p1\"><strong>Por Samanta Sallum\u00a0<\/strong><\/p>\n<p class=\"p1\"><span class=\"s1\">A Associa\u00e7\u00e3o Nacional de Bares e Restaurantes criticou a decis\u00e3o judicial\u00a0que permite ao iFood manter os benef\u00edcios do Programa Emergencial de Retomada do Setor de Eventos (Perse). \u2060O Perse, aprovado pelo Congresso em 2021, foi criado com o objetivo de apoiar na recupera\u00e7\u00e3o de setores duramente atingidos pela pandemia, como o de eventos e alimenta\u00e7\u00e3o fora do lar, para ajudar esses neg\u00f3cios a se reerguerem\u202f\u2060.\u00a0<\/span><\/p>\n<p class=\"p1\"><span class=\"s1\">&#8220;\u00c9 um absurdo que empresas que tiveram um crescimento significativo durante a pandemia estejam tentando se beneficiar de recursos p\u00fablicos destinados a setores que ainda est\u00e3o se recuperando. A \u00e9tica empresarial e a responsabilidade social s\u00e3o quest\u00f5es importantes, e \u00e9 essencial que as empresas considerem o impacto de suas a\u00e7\u00f5es na sociedade como um todo&#8221;, afirma Beto Pinheiro, presidente da Abrasel-DF.<\/span><\/p>\n<p class=\"p1\"><span class=\"s1\">A nova fase do Perse possui um teto de R$ 15 bilh\u00f5es. A Abrasel nacional diz que o iFood deve desistir de sua reivindica\u00e7\u00e3o pelos recursos do Perse.<\/span><\/p>\n<p class=\"p1\"><strong><span class=\"s1\">Posi\u00e7\u00e3o da iFood<\/span><\/strong><\/p>\n<p class=\"p1\"><span class=\"s1\">\u00a0<\/span>&#8220;O Perse foi criado em 2021 e a atividade de intermedia\u00e7\u00e3o foi inclu\u00edda no escopo do programa. A\u00a0iFood teve seu direito a aderir ao programa confirmado pela Justi\u00e7a, por meio de decis\u00e3o provis\u00f3ria favor\u00e1vel, em agosto de 2023. Em 2024, a Receita Federal validou a ades\u00e3o da empresa. Como ainda aguardamos uma decis\u00e3o final sobre o caso, n\u00e3o houve impacto nos resultados da empresa&#8221;, informou a iFood \u00e0 coluna.<\/p>\n","protected":false},"excerpt":{"rendered":"<p>Por Samanta Sallum\u00a0 A Associa\u00e7\u00e3o Nacional de Bares e Restaurantes criticou a decis\u00e3o judicial\u00a0que permite ao iFood manter os benef\u00edcios do Programa Emergencial de Retomada do Setor de Eventos (Perse). \u2060O Perse, aprovado pelo Congresso em 2021, foi criado com o objetivo de apoiar na recupera\u00e7\u00e3o de setores duramente atingidos pela pandemia, como o de eventos e alimenta\u00e7\u00e3o fora do [&hellip;]<\/p>\n","protected":false},"author":125,"featured_media":17237,"comment_status":"open","ping_status":"open","sticky":false,"template":"","format":"standard","meta":{"footnotes":""},"categories":[6],"tags":[738,221,226,254,276,1574,2207,858,2053,222],"class_list":["post-17234","post","type-post","status-publish","format-standard","has-post-thumbnail","hentry","category-coluna-capital-s-a","tag-abrasel-df","tag-bares","tag-betopinheiro","tag-congressonacional","tag-economia","tag-etica","tag-governofederal","tag-ifood","tag-perse","tag-restaurantes"],"_links":{"self":[{"href":"https:\/\/blogs.correiobraziliense.com.br\/capital-sa\/wp-json\/wp\/v2\/posts\/17234","targetHints":{"allow":["GET"]}}],"collection":[{"href":"https:\/\/blogs.correiobraziliense.com.br\/capital-sa\/wp-json\/wp\/v2\/posts"}],"about":[{"href":"https:\/\/blogs.correiobraziliense.com.br\/capital-sa\/wp-json\/wp\/v2\/types\/post"}],"author":[{"embeddable":true,"href":"https:\/\/blogs.correiobraziliense.com.br\/capital-sa\/wp-json\/wp\/v2\/users\/125"}],"replies":[{"embeddable":true,"href":"https:\/\/blogs.correiobraziliense.com.br\/capital-sa\/wp-json\/wp\/v2\/comments?post=17234"}],"version-history":[{"count":4,"href":"https:\/\/blogs.correiobraziliense.com.br\/capital-sa\/wp-json\/wp\/v2\/posts\/17234\/revisions"}],"predecessor-version":[{"id":17239,"href":"https:\/\/blogs.correiobraziliense.com.br\/capital-sa\/wp-json\/wp\/v2\/posts\/17234\/revisions\/17239"}],"wp:featuredmedia":[{"embeddable":true,"href":"https:\/\/blogs.correiobraziliense.com.br\/capital-sa\/wp-json\/wp\/v2\/media\/17237"}],"wp:attachment":[{"href":"https:\/\/blogs.correiobraziliense.com.br\/capital-sa\/wp-json\/wp\/v2\/media?parent=17234"}],"wp:term":[{"taxonomy":"category","embeddable":true,"href":"https:\/\/blogs.correiobraziliense.com.br\/capital-sa\/wp-json\/wp\/v2\/categories?post=17234"},{"taxonomy":"post_tag","embeddable":true,"href":"https:\/\/blogs.correiobraziliense.com.br\/capital-sa\/wp-json\/wp\/v2\/tags?post=17234"}],"curies":[{"name":"wp","href":"https:\/\/api.w.org\/{rel}","templated":true}]}}