{"id":17227,"date":"2024-09-11T13:48:19","date_gmt":"2024-09-11T16:48:19","guid":{"rendered":"https:\/\/blogs.correiobraziliense.com.br\/capital-sa\/?p=17227"},"modified":"2024-09-12T14:12:33","modified_gmt":"2024-09-12T17:12:33","slug":"participacao-recorde-de-compradores-internacionais-na-abav-expo-2024","status":"publish","type":"post","link":"https:\/\/blogs.correiobraziliense.com.br\/capital-sa\/2024\/09\/11\/participacao-recorde-de-compradores-internacionais-na-abav-expo-2024\/","title":{"rendered":"Participa\u00e7\u00e3o recorde de compradores internacionais na ABAV Expo 2024"},"content":{"rendered":"<p class=\"p1\"><strong>Por Samanta Sallum\u00a0<\/strong><\/p>\n<p class=\"p1\"><span class=\"s2\">A capital federal ser\u00e1 a principal vitrine do turismo brasileiro para o mundo, durante a\u00a0<\/span><span class=\"s1\">ABAV Expo 51,\u00a0<\/span><span class=\"s2\">que ocorre entre os dias 26 e <\/span><span class=\"s3\">28 de setembro<\/span><span class=\"s2\">, no Centro Internacional de Conven\u00e7\u00f5es do Brasil \u2013 CICB. Neste ano, o Programa de Compradores Internacionais, uma parceria entre a Associa\u00e7\u00e3o Brasileira de Ag\u00eancias de Viagens \u2013 ABAV Nacional &#8211; e a Embratur, realiza a maior entrega de sua hist\u00f3ria e<\/span><span class=\"s4\">\u00a0<\/span><span class=\"s2\">vai reunir 60 operadores tur\u00edsticos da Europa, da Am\u00e9rica Latina e dos Estados Unidos, proporcionando oportunidades de neg\u00f3cios<\/span><span class=\"s1\">\u00a0<\/span><span class=\"s2\">em 2024.<br \/>\n<\/span><\/p>\n<p class=\"p1\"><span class=\"s2\">O Programa ABAV Buyers Club pretende fortalecer e expandir a rede de contatos profissionais entre operadores tur\u00edsticos estrangeiros e fornecedores nacionais, fomentando a economia brasileira.\u00a0<\/span><\/p>\n<p class=\"p1\"><span class=\"s2\">Somente em 2023, os turistas vindos de outros pa\u00edses deixaram no Brasil o montante de<br \/>\n<\/span>US$ 6,9 bilh\u00f5es (R$ 34,5 bilh\u00f5es).<\/p>\n<p class=\"p1\"><span class=\"s2\">Para promover os destinos nacionais, nesta edi\u00e7\u00e3o da\u00a0<\/span><span class=\"s1\">ABAV Expo<\/span><span class=\"s2\">, a Embratur, junto ao SEBRAE, vai oferecer a representantes do Trade Internacional uma experi\u00eancia de viagem para vivenciar a hospitalidade brasileira, a diversidade cultural e as belezas naturais que o ecoturismo na Amaz\u00f4nia, no Pantanal e em Bonito (MS) proporciona. Ser\u00e3o recebidos representantes dos Estados Unidos e de Su\u00ed\u00e7a, Fran\u00e7a, Reino Unido, Alemanha, Argentina, Chile, entre outros pa\u00edses.<\/span><\/p>\n<p class=\"p1\"><span class=\"s2\">\u201cA Embratur e o Sebrae v\u00e3o\u00a0conectar todos os pontos da cadeia de servi\u00e7os do turismo e garantir a oferta de pacotes, alinhados com o desejo do turista estrangeiro\u201d, destaca Marcelo Freixo, presidente da Embratur.\u00a0<\/span><\/p>\n<p class=\"p1\"><span class=\"s2\">A diversidade do Cerrado e o patrim\u00f4nio natural do Planalto Central tamb\u00e9m s\u00e3o destaque no Programa de Compradores Internacionais, durante a\u00a0<\/span><span class=\"s1\">ABAV Expo 51<\/span><span class=\"s2\">. Chapada dos Veadeiros, Piren\u00f3polis, Caldas Novas e Rio Quente e\u00a0Bras\u00edlia (destino anfitri\u00e3o) ser\u00e3o visitados pelos operadores internacionais de turismo.<\/span><\/p>\n","protected":false},"excerpt":{"rendered":"<p>Por Samanta Sallum\u00a0 A capital federal ser\u00e1 a principal vitrine do turismo brasileiro para o mundo, durante a\u00a0ABAV Expo 51,\u00a0que ocorre entre os dias 26 e 28 de setembro, no Centro Internacional de Conven\u00e7\u00f5es do Brasil \u2013 CICB. Neste ano, o Programa de Compradores Internacionais, uma parceria entre a Associa\u00e7\u00e3o Brasileira de Ag\u00eancias de Viagens \u2013 ABAV Nacional &#8211; e [&hellip;]<\/p>\n","protected":false},"author":125,"featured_media":17231,"comment_status":"open","ping_status":"open","sticky":false,"template":"","format":"standard","meta":{"footnotes":""},"categories":[6],"tags":[733,1459,276,2439,1989,1991,2438,333,50],"class_list":["post-17227","post","type-post","status-publish","format-standard","has-post-thumbnail","hentry","category-coluna-capital-s-a","tag-abav","tag-amazonia","tag-economia","tag-ecoturismo","tag-embratur","tag-marcelofreixo","tag-sicb","tag-turismo","tag-sebrae"],"_links":{"self":[{"href":"https:\/\/blogs.correiobraziliense.com.br\/capital-sa\/wp-json\/wp\/v2\/posts\/17227","targetHints":{"allow":["GET"]}}],"collection":[{"href":"https:\/\/blogs.correiobraziliense.com.br\/capital-sa\/wp-json\/wp\/v2\/posts"}],"about":[{"href":"https:\/\/blogs.correiobraziliense.com.br\/capital-sa\/wp-json\/wp\/v2\/types\/post"}],"author":[{"embeddable":true,"href":"https:\/\/blogs.correiobraziliense.com.br\/capital-sa\/wp-json\/wp\/v2\/users\/125"}],"replies":[{"embeddable":true,"href":"https:\/\/blogs.correiobraziliense.com.br\/capital-sa\/wp-json\/wp\/v2\/comments?post=17227"}],"version-history":[{"count":5,"href":"https:\/\/blogs.correiobraziliense.com.br\/capital-sa\/wp-json\/wp\/v2\/posts\/17227\/revisions"}],"predecessor-version":[{"id":17233,"href":"https:\/\/blogs.correiobraziliense.com.br\/capital-sa\/wp-json\/wp\/v2\/posts\/17227\/revisions\/17233"}],"wp:featuredmedia":[{"embeddable":true,"href":"https:\/\/blogs.correiobraziliense.com.br\/capital-sa\/wp-json\/wp\/v2\/media\/17231"}],"wp:attachment":[{"href":"https:\/\/blogs.correiobraziliense.com.br\/capital-sa\/wp-json\/wp\/v2\/media?parent=17227"}],"wp:term":[{"taxonomy":"category","embeddable":true,"href":"https:\/\/blogs.correiobraziliense.com.br\/capital-sa\/wp-json\/wp\/v2\/categories?post=17227"},{"taxonomy":"post_tag","embeddable":true,"href":"https:\/\/blogs.correiobraziliense.com.br\/capital-sa\/wp-json\/wp\/v2\/tags?post=17227"}],"curies":[{"name":"wp","href":"https:\/\/api.w.org\/{rel}","templated":true}]}}